{"id":2811,"date":"2019-11-17T09:16:54","date_gmt":"2019-11-17T08:16:54","guid":{"rendered":"http:\/\/www.budylancuckie.przemyska.pl\/?p=2811"},"modified":"2019-11-17T09:16:54","modified_gmt":"2019-11-17T08:16:54","slug":"i-szy-korniaktowski-marsz-partyzancki","status":"publish","type":"post","link":"https:\/\/budy.przemyska.pl\/index.php\/2019\/11\/17\/i-szy-korniaktowski-marsz-partyzancki\/","title":{"rendered":"I-szy Korniaktowski Marsz Partyzancki"},"content":{"rendered":"<div class=\"fb-post\" data-href=\"https:\/\/www.facebook.com\/tadeusz.golak\/posts\/2846667035376247\" data-show-text=\"true\" data-width=\"600\">\n<blockquote cite=\"https:\/\/developers.facebook.com\/tadeusz.golak\/posts\/2846667035376247\" class=\"fb-xfbml-parse-ignore\">\n<p>I-szy Korniaktowski Marsz Partyzancki &#8211; 11 listopada 2019 1. Msza \u015bw. w intencji ojczyzny, kt&oacute;r\u0105 odprawi\u0142 i homili\u0119&#8230;<\/p>\n<p>\t\tOpublikowany przez <a href=\"https:\/\/www.facebook.com\/tadeusz.golak\">Tadeusz Golak<\/a>&nbsp;<a href=\"https:\/\/developers.facebook.com\/tadeusz.golak\/posts\/2846667035376247\">Wtorek, 12 listopada 2019<\/a><\/p><\/blockquote>\n<\/div>\n","protected":false},"excerpt":{"rendered":"<p>I-szy Korniaktowski Marsz Partyzancki &#8211; 11 listopada 2019 1. Msza \u015bw. w intencji ojczyzny, kt&oacute;r\u0105 odprawi\u0142 i homili\u0119&#8230; Opublikowany przez Tadeusz Golak&nbsp;Wtorek, 12 listopada 2019<\/p>\n","protected":false},"author":1,"featured_media":0,"comment_status":"closed","ping_status":"closed","sticky":false,"template":"","format":"standard","meta":{"footnotes":""},"categories":[6],"tags":[],"class_list":["post-2811","post","type-post","status-publish","format-standard","hentry","category-aktualnosci"],"_links":{"self":[{"href":"https:\/\/budy.przemyska.pl\/index.php\/wp-json\/wp\/v2\/posts\/2811","targetHints":{"allow":["GET"]}}],"collection":[{"href":"https:\/\/budy.przemyska.pl\/index.php\/wp-json\/wp\/v2\/posts"}],"about":[{"href":"https:\/\/budy.przemyska.pl\/index.php\/wp-json\/wp\/v2\/types\/post"}],"author":[{"embeddable":true,"href":"https:\/\/budy.przemyska.pl\/index.php\/wp-json\/wp\/v2\/users\/1"}],"replies":[{"embeddable":true,"href":"https:\/\/budy.przemyska.pl\/index.php\/wp-json\/wp\/v2\/comments?post=2811"}],"version-history":[{"count":0,"href":"https:\/\/budy.przemyska.pl\/index.php\/wp-json\/wp\/v2\/posts\/2811\/revisions"}],"wp:attachment":[{"href":"https:\/\/budy.przemyska.pl\/index.php\/wp-json\/wp\/v2\/media?parent=2811"}],"wp:term":[{"taxonomy":"category","embeddable":true,"href":"https:\/\/budy.przemyska.pl\/index.php\/wp-json\/wp\/v2\/categories?post=2811"},{"taxonomy":"post_tag","embeddable":true,"href":"https:\/\/budy.przemyska.pl\/index.php\/wp-json\/wp\/v2\/tags?post=2811"}],"curies":[{"name":"wp","href":"https:\/\/api.w.org\/{rel}","templated":true}]}}