{"id":2798,"date":"2019-11-09T17:43:12","date_gmt":"2019-11-09T16:43:12","guid":{"rendered":"http:\/\/www.budylancuckie.przemyska.pl\/?p=2798"},"modified":"2019-11-09T17:43:12","modified_gmt":"2019-11-09T16:43:12","slug":"ogloszenia-parafialne-10-11-2019","status":"publish","type":"post","link":"https:\/\/budy.przemyska.pl\/index.php\/2019\/11\/09\/ogloszenia-parafialne-10-11-2019\/","title":{"rendered":"Og\u0142oszenia parafialne 10-11-2019"},"content":{"rendered":"<h2 style=\"text-align: center;\"><strong><span style=\"color: rgb(0, 0, 128);\">XXXII NIEDZIELA ZWYK\u0141A &#8211; 10-11-2019<\/span><\/strong><\/h2>\n<h2 style=\"text-align: center;\"><strong><span style=\"color: rgb(0, 0, 128);\">Og\u0142oszenia<br \/>\n\t<\/span><\/strong><\/h2>\n<ol>\n<li>Dzi\u015b o godz.15:00 Nabo\u017ce\u0144stwo R&oacute;\u017ca\u0144cowe z wypominkami i Msza \u015bw.<\/li>\n<li>Jutro &#8211; 11 listopada w 101-\u0105 rocznic\u0119 odzyskania Niepodleg\u0142o\u015bci, Msza \u015bw. dodatkowo o godz.10:30, po Mszy \u015bw. kr&oacute;tki program patriotyczny przygotowany przez uczni&oacute;w naszej szko\u0142y, a nast\u0119pnie przemarsz do krzy\u017ca w lesie, po\u015bwi\u0119conego poleg\u0142ym w obronie Ojczyzny.<\/li>\n<li>W czwartek po Mszy \u015bw. comiesi\u0119czne spotkanie dla uczni&oacute;w klas VII i VIII przygotowuj\u0105cych si\u0119 do bierzmowania. W tym miesi\u0105cu w spotkaniu bior\u0105 r&oacute;wnie\u017c udzia\u0142 uczniowie klasy VI.<\/li>\n<li>Za tydzie\u0144 III niedziela miesi\u0105ca, w naszej parafii niedziela inwestycyjna.<\/li>\n<li>16 listopada (w sobot\u0119) o godz.17:30, a wi\u0119c po Mszy \u015bw., spotkanie z przedstawicielem Biura pielgrzymkowego Matteo Travel, z kt&oacute;rym to, planujemy nasz\u0105 parafialn\u0105 Pielgrzymk\u0119 do W\u0142och. Nale\u017cy zabra\u0107 ze sob\u0105 na spotkanie dow&oacute;d osobisty oraz 200 z\u0142. zaliczki, jak te\u017c poda\u0107 nr telefonu. <\/li>\n<li>W tym tygodniu w Liturgii Ko\u015bcio\u0142a wspominamy: w pon. &ndash; \u015bw. Marcina z Tours, we wtorek &ndash; \u015bw. Jozafata, w \u015brod\u0119 &ndash; Pierwszych m\u0119czennik&oacute;w Polski. <\/li>\n<li>Codzienny r&oacute;\u017caniec za zmar\u0142ych polecanych w wypominkach o godz.16:30.<\/li>\n<li>B&oacute;g zap\u0142a\u0107 sprz\u0105taj\u0105cym, stroj\u0105cym ko\u015bci&oacute;\u0142 oraz za ofiary sk\u0142adane na potrzeby ko\u015bcio\u0142a i pracownik&oacute;w ko\u015bcielnych.<\/li>\n<\/ol>\n<h3 style=\"text-align: center;\"><strong><span style=\"color: rgb(0, 0, 128);\">Intencje mszalne<\/span><\/strong><\/h3>\n<h4 style=\"text-align: center;\"><strong><span style=\"color: rgb(0, 0, 128);\">od 11 listopada 2019 do 17 listopada 2019<\/span><\/strong><\/h4>\n<h4><strong><br \/>\n\tGdyby zbyt d\u0142ugi czas nie by\u0142a og\u0142oszona zam&oacute;wiona intencja mszalna &ndash; prosimy o zg\u0142oszenie tego kap\u0142anowi.&nbsp; Zam&oacute;wiona intencja nie mo\u017ce zgin\u0105\u0107.<br \/>\n\t<\/strong><\/h4>\n<p><u><strong>Poniedzia\u0142ek &#8211; 11 listopada<\/strong><\/u><br \/>\n\t1. + Teresa W\u0119grzyn (greg.); <br \/>\n\t2. ++ z r. Wikier&oacute;w, Kojdr&oacute;w, Genowefa J\u0119drzejec; <br \/>\n\t3. O zdrowie i b\u0142ogos\u0142awie\u0144stwo Bo\u017ce dla Heleny;<\/p>\n<p><u><strong>Wtorek &#8211; 12 listopada<\/strong><\/u><br \/>\n\t1. + Teresa W\u0119grzyn (greg.); <br \/>\n\t2. + J&oacute;zef Socha od wnuczki Moniki z rodzin\u0105; <br \/>\n\t3. ++ Janina i Stanis\u0142aw Wacnik;<\/p>\n<p><u><strong>\u015aroda &#8211; 13 listopad<\/strong><\/u><u><strong>a<\/strong><\/u><br \/>\n\t1. + Teresa W\u0119grzyn (greg.); <br \/>\n\t2. + Piotr Wojtyna;<br \/>\n\t3. ++ Janina, W\u0142adys\u0142aw Bia\u0142y, J&oacute;zef, Stanis\u0142aw Dyrda;<\/p>\n<p><u><strong>Czwartek &#8211; 14 listopada<\/strong><\/u><br \/>\n\t1. + Teresa W\u0119grzyn (greg.); <br \/>\n\t2. ++ Janina, Mieczys\u0142aw Mi\u015b;<br \/>\n\t3. ++ Jan Kurek, Anna, Marian Biel&oacute;wka ;<\/p>\n<p>\t<u><strong>Pi\u0105tek &#8211; 15<\/strong><\/u><u><strong> listopada<\/strong><\/u><br \/>\n\t1. + Teresa W\u0119grzyn (greg.); <br \/>\n\t2. ++ Jan, W\u0142adys\u0142awa, J&oacute;zef Por\u0119bny; Zofia, Antoni Por\u0119bny;<br \/>\n\t3. ++ Stanis\u0142awa, Stanis\u0142aw Por\u0119bny i Maria Boro\u0144;<\/p>\n<p><u><strong>Sobota &#8211; 16 listopada<\/strong><\/u><br \/>\n\t1. + Teresa W\u0119grzyn (greg.).; <br \/>\n\t2. + Maria Kubis od r. Gda\u0144skich;<br \/>\n\t3. + Jan Janusz od s. Adama z rodzin\u0105;<\/p>\n<p><u><strong>Niedziela &#8211; 17 listopada<\/strong><\/u><br \/>\n\t6:30 ++ Katarzyna, Stanis\u0142awa, Ignacy Kurek; Katarzyna, Franciszek, Marian Worek<br \/>\n\t8:00 Dzi\u0119kczynna i o b\u0142og. B. dla Stanis\u0142awy w 90 r. urodzin; <br \/>\n\t10:30 W intencji parafian; <br \/>\n\t15:00 + Teresa W\u0119grzyn (greg.);<\/p>\n<h3 style=\"text-align: center;\"><strong><strong><span style=\"color: rgb(0, 0, 128);\">Modlitw\u0119 r&oacute;\u017ca\u0144cow\u0105 prowadz\u0105<br \/>\n\t<\/span><\/strong><\/strong><\/h3>\n<p>14. Cz. R. \u015aw. Cecylii &#8212; (Krystyna Markowicz)<br \/>\n\t17. N. R. \u015aw. Faustyny-(Eugenia \u015awizdor)<\/p>\n<p>\t<strong>Wyznaczona R&oacute;\u017ca powinna czu\u0107 si\u0119 zobowi\u0105zana do obecno\u015bci i prowadzenia modlitwy r&oacute;\u017ca\u0144cowej.<\/strong><\/p>\n","protected":false},"excerpt":{"rendered":"<p>XXXII NIEDZIELA ZWYK\u0141A &#8211; 10-11-2019 Og\u0142oszenia Dzi\u015b o godz.15:00 Nabo\u017ce\u0144stwo R&oacute;\u017ca\u0144cowe z wypominkami i Msza \u015bw. Jutro &#8211; 11 listopada w 101-\u0105 rocznic\u0119 odzyskania Niepodleg\u0142o\u015bci, Msza \u015bw. dodatkowo o godz.10:30, &hellip; <a href=\"https:\/\/budy.przemyska.pl\/index.php\/2019\/11\/09\/ogloszenia-parafialne-10-11-2019\/\" class=\"more-link\">Czytaj dalej <span class=\"screen-reader-text\">Og\u0142oszenia parafialne 10-11-2019<\/span> <span class=\"meta-nav\">&rarr;<\/span><\/a><\/p>\n","protected":false},"author":1,"featured_media":0,"comment_status":"closed","ping_status":"closed","sticky":false,"template":"","format":"standard","meta":{"footnotes":""},"categories":[6,4],"tags":[],"class_list":["post-2798","post","type-post","status-publish","format-standard","hentry","category-aktualnosci","category-ogloszenia"],"_links":{"self":[{"href":"https:\/\/budy.przemyska.pl\/index.php\/wp-json\/wp\/v2\/posts\/2798","targetHints":{"allow":["GET"]}}],"collection":[{"href":"https:\/\/budy.przemyska.pl\/index.php\/wp-json\/wp\/v2\/posts"}],"about":[{"href":"https:\/\/budy.przemyska.pl\/index.php\/wp-json\/wp\/v2\/types\/post"}],"author":[{"embeddable":true,"href":"https:\/\/budy.przemyska.pl\/index.php\/wp-json\/wp\/v2\/users\/1"}],"replies":[{"embeddable":true,"href":"https:\/\/budy.przemyska.pl\/index.php\/wp-json\/wp\/v2\/comments?post=2798"}],"version-history":[{"count":0,"href":"https:\/\/budy.przemyska.pl\/index.php\/wp-json\/wp\/v2\/posts\/2798\/revisions"}],"wp:attachment":[{"href":"https:\/\/budy.przemyska.pl\/index.php\/wp-json\/wp\/v2\/media?parent=2798"}],"wp:term":[{"taxonomy":"category","embeddable":true,"href":"https:\/\/budy.przemyska.pl\/index.php\/wp-json\/wp\/v2\/categories?post=2798"},{"taxonomy":"post_tag","embeddable":true,"href":"https:\/\/budy.przemyska.pl\/index.php\/wp-json\/wp\/v2\/tags?post=2798"}],"curies":[{"name":"wp","href":"https:\/\/api.w.org\/{rel}","templated":true}]}}