{"id":2796,"date":"2019-11-03T11:21:07","date_gmt":"2019-11-03T10:21:07","guid":{"rendered":"http:\/\/www.budylancuckie.przemyska.pl\/?p=2796"},"modified":"2019-11-03T11:21:07","modified_gmt":"2019-11-03T10:21:07","slug":"ogloszenia-parafialne-03-11-2019","status":"publish","type":"post","link":"https:\/\/budy.przemyska.pl\/index.php\/2019\/11\/03\/ogloszenia-parafialne-03-11-2019\/","title":{"rendered":"Og\u0142oszenia parafialne 03-11-2019"},"content":{"rendered":"<h2 style=\"text-align: center;\"><strong><span style=\"color: rgb(0, 0, 128);\">XXXI NIEDZIELA ZWYK\u0141A &#8211; 03-11-2019<\/span><\/strong><\/h2>\n<h2 style=\"text-align: center;\"><strong><span style=\"color: rgb(0, 0, 128);\">Og\u0142oszenia<br \/>\n\t<\/span><\/strong><\/h2>\n<ol>\n<li>Dzi\u015b o godz.15:00 Nabo\u017ce\u0144stwo R&oacute;\u017ca\u0144cowe z wypominkami i Msza \u015bw.<\/li>\n<li>W poniedzia\u0142ek wspomnienie \u015bw. Karola Boromeusza, w sobot\u0119 &#8211; Rocznica po\u015bwi\u0119cenia Bazyliki Latera\u0144skiej.<\/li>\n<li>W I czwartek miesi\u0105ca adoracja Naj\u015bwi\u0119tszego Sakramentu od godz.16:00.Po Mszy \u015bw. spotkanie Akcji Katolickiej, a tak\u017ce zbi&oacute;rka dla ministrant&oacute;w.<\/li>\n<li>11 listopada w 101-\u0105 rocznic\u0119 odzyskania Niepodleg\u0142o\u015bci, Msza \u015bw. dodatkowo zostanie odprawiona o godz.10:30, po Mszy \u015bw. kr&oacute;tki program patriotyczny i przemarsz do krzy\u017ca w lesie po\u015bwi\u0119conego poleg\u0142ym w obronie Ojczyzny.<\/li>\n<li>16 listopada (w sobot\u0119) o godz.17:30, a wi\u0119c po Mszy \u015bw., planowane jest spotkanie z przedstawicielem Biura pielgrzymkowego Matteo Travel, z kt&oacute;rym to, planujemy nasz\u0105 parafialn\u0105 Pielgrzymk\u0119 do W\u0142och.<\/li>\n<li>23 listopada (w sobot\u0119) planowana jest doroczna Pielgrzymka Akcji Katolickiej i KSM-u do naszej Archikatedry w Przemy\u015blu. <\/li>\n<li>Codzienny r&oacute;\u017caniec za zmar\u0142ych polecanych w wypominkach o godz.16:30.<\/li>\n<li>B&oacute;g zap\u0142a\u0107 sprz\u0105taj\u0105cym, stroj\u0105cym ko\u015bci&oacute;\u0142 oraz za ofiary sk\u0142adane na potrzeby ko\u015bcio\u0142a i pracownik&oacute;w ko\u015bcielnych.<\/li>\n<\/ol>\n<h3 style=\"text-align: center;\"><strong><span style=\"color: rgb(0, 0, 128);\">Intencje mszalne<\/span><\/strong><\/h3>\n<h4 style=\"text-align: center;\"><strong><span style=\"color: rgb(0, 0, 128);\">od 4 listopada 2019 do 10 listopada 2019<\/span><\/strong><\/h4>\n<h4><strong><br \/>\n\tGdyby zbyt d\u0142ugi czas nie by\u0142a og\u0142oszona zam&oacute;wiona intencja mszalna &ndash; prosimy o zg\u0142oszenie tego kap\u0142anowi.&nbsp; Zam&oacute;wiona intencja nie mo\u017ce zgin\u0105\u0107.<br \/>\n\t<\/strong><\/h4>\n<p><u><strong>Poniedzia\u0142ek &#8211; 4 listopada<\/strong><\/u><br \/>\n\t1. + Teresa W\u0119grzyn (greg.); <br \/>\n\t2. Dzi\u0119kczynna i o zdrowie dla Urszuli; <br \/>\n\t3. + Jan Kurek od r. Sobisi&oacute;w z Wydrza;<\/p>\n<p><u><strong>Wtorek &#8211; 5 listopada<\/strong><\/u><br \/>\n\t1. + Teresa W\u0119grzyn (greg.)<br \/>\n\t2. + Weronika Dr\u0105g od s\u0105siad&oacute;w;<br \/>\n\t3. + Stanis\u0142aw Baran od r. Golak&oacute;w;<\/p>\n<p><u><strong>\u015aroda &#8211; 6 listopad<\/strong><\/u><u><strong>a<\/strong><\/u><br \/>\n\t1. + Teresa W\u0119grzyn (greg.); <br \/>\n\t2. ++ Stanis\u0142aw Magdalena, Arkadiusz Sanok;<br \/>\n\t3. ++ Jan , Zofia Wilk;<\/p>\n<p><u><strong>Czwartek &#8211; 7 listopada<\/strong><\/u><br \/>\n\t1. + Teresa W\u0119grzyn (greg.);<br \/>\n\t2. ++ Franciszka i Stanis\u0142aw Rupar;<br \/>\n\t3. + Franciszek Bosak;<\/p>\n<p>\t<u><strong>Pi\u0105tek &#8211; 8<\/strong><\/u><u><strong> listopada<\/strong><\/u><br \/>\n\t1. + Teresa W\u0119grzyn (greg.);<br \/>\n\t2. ++ Stanis\u0142awa, Roman i Maria Blok;<br \/>\n\t3. ++ Maria Cebulak, Julian Janusz;<\/p>\n<p><u><strong>Sobota &#8211; 9 listopada<\/strong><\/u><br \/>\n\t1. + Teresa W\u0119grzyn (greg.); <br \/>\n\t2. ++ J&oacute;zef i Stanis\u0142awa Bosak<br \/>\n\t3. ++ J&oacute;zef Golak i zm. z rodziny;<\/p>\n<p><u><strong>Niedziela &#8211; 10 listopada<\/strong><\/u><br \/>\n\t6:30 ++ Tadeusz i dziadkowie Maria i Wojciech Nowak;<br \/>\n\t8:00 ++ Maria, Stanis\u0142aw Gda\u0144ski, Stanis\u0142aw Korzeniowski;<br \/>\n\t10:30 W intencji parafian;<br \/>\n\t15:00 +Teresa W\u0119grzyn (greg.);<\/p>\n<h3 style=\"text-align: center;\"><strong><strong><span style=\"color: rgb(0, 0, 128);\">Modlitw\u0119 r&oacute;\u017ca\u0144cow\u0105 prowadz\u0105<br \/>\n\t<\/span><\/strong><\/strong><\/h3>\n<p>07.Cz. DPP &#8211; Anna Szular<br \/>\n\t10. N. R. \u015aw. Andrzeja Aposto\u0142a &#8211; (J&oacute;zef M\u0105dry)<\/p>\n<p>\t<strong>Wyznaczona R&oacute;\u017ca powinna czu\u0107 si\u0119 zobowi\u0105zana do obecno\u015bci i prowadzenia modlitwy r&oacute;\u017ca\u0144cowej.<\/strong><\/p>\n","protected":false},"excerpt":{"rendered":"<p>XXXI NIEDZIELA ZWYK\u0141A &#8211; 03-11-2019 Og\u0142oszenia Dzi\u015b o godz.15:00 Nabo\u017ce\u0144stwo R&oacute;\u017ca\u0144cowe z wypominkami i Msza \u015bw. W poniedzia\u0142ek wspomnienie \u015bw. Karola Boromeusza, w sobot\u0119 &#8211; Rocznica po\u015bwi\u0119cenia Bazyliki Latera\u0144skiej. W &hellip; <a href=\"https:\/\/budy.przemyska.pl\/index.php\/2019\/11\/03\/ogloszenia-parafialne-03-11-2019\/\" class=\"more-link\">Czytaj dalej <span class=\"screen-reader-text\">Og\u0142oszenia parafialne 03-11-2019<\/span> <span class=\"meta-nav\">&rarr;<\/span><\/a><\/p>\n","protected":false},"author":1,"featured_media":0,"comment_status":"closed","ping_status":"closed","sticky":false,"template":"","format":"standard","meta":{"footnotes":""},"categories":[6,4],"tags":[],"class_list":["post-2796","post","type-post","status-publish","format-standard","hentry","category-aktualnosci","category-ogloszenia"],"_links":{"self":[{"href":"https:\/\/budy.przemyska.pl\/index.php\/wp-json\/wp\/v2\/posts\/2796","targetHints":{"allow":["GET"]}}],"collection":[{"href":"https:\/\/budy.przemyska.pl\/index.php\/wp-json\/wp\/v2\/posts"}],"about":[{"href":"https:\/\/budy.przemyska.pl\/index.php\/wp-json\/wp\/v2\/types\/post"}],"author":[{"embeddable":true,"href":"https:\/\/budy.przemyska.pl\/index.php\/wp-json\/wp\/v2\/users\/1"}],"replies":[{"embeddable":true,"href":"https:\/\/budy.przemyska.pl\/index.php\/wp-json\/wp\/v2\/comments?post=2796"}],"version-history":[{"count":0,"href":"https:\/\/budy.przemyska.pl\/index.php\/wp-json\/wp\/v2\/posts\/2796\/revisions"}],"wp:attachment":[{"href":"https:\/\/budy.przemyska.pl\/index.php\/wp-json\/wp\/v2\/media?parent=2796"}],"wp:term":[{"taxonomy":"category","embeddable":true,"href":"https:\/\/budy.przemyska.pl\/index.php\/wp-json\/wp\/v2\/categories?post=2796"},{"taxonomy":"post_tag","embeddable":true,"href":"https:\/\/budy.przemyska.pl\/index.php\/wp-json\/wp\/v2\/tags?post=2796"}],"curies":[{"name":"wp","href":"https:\/\/api.w.org\/{rel}","templated":true}]}}