{"id":2757,"date":"2019-08-18T20:55:30","date_gmt":"2019-08-18T18:55:30","guid":{"rendered":"http:\/\/www.budylancuckie.przemyska.pl\/?p=2757"},"modified":"2019-08-18T20:55:30","modified_gmt":"2019-08-18T18:55:30","slug":"ogloszenia-parafialne-18-08-2019","status":"publish","type":"post","link":"https:\/\/budy.przemyska.pl\/index.php\/2019\/08\/18\/ogloszenia-parafialne-18-08-2019\/","title":{"rendered":"Og\u0142oszenia parafialne 18-08-2019"},"content":{"rendered":"<h2 style=\"text-align: center;\"><strong><span style=\"color: rgb(0, 0, 128);\">XX NIEDZIELA ZWYK\u0141A &#8211; 18-08-2019<\/span><\/strong><\/h2>\n<h2 style=\"text-align: center;\"><strong><span style=\"color: rgb(0, 0, 128);\">Og\u0142oszenia<br \/>\n\t<\/span><\/strong><\/h2>\n<ol>\n<li>Dzi\u015b o 15:00 Nabo\u017ce\u0144stwo do Mi\u0142osierdzia Bo\u017cego i Msza \u015bw.<\/li>\n<li>We wtorek czcimy \u015bw. Bernarda &ndash; opata<\/li>\n<li>W \u015brod\u0119 \u015bw. Piusa X &ndash; papie\u017ca<\/li>\n<li>W czwartek NMP Kr&oacute;low\u0105<\/li>\n<li>W sobot\u0119 czcimy \u015bw. Bart\u0142omieja Ap.<\/li>\n<li>14 wrze\u015bnia (sobota) planowana jest Pielgrzymka z naszej parafii do Kodnia i Krasnobrodu. Wyjazd by\u0142by o godz. 5.:00 rano, tak aby m&oacute;c wieczorem wr&oacute;ci\u0107 do domu. Koszt ok. 50 z\u0142. Zapisy na Pielgrzymk\u0119 w zakrystii.<\/li>\n<li>B&oacute;g zap\u0142a\u0107 sprz\u0105taj\u0105cym, stroj\u0105cym ko\u015bci&oacute;\u0142 i za ofiary sk\u0142adane na potrzeby ko\u015bcio\u0142a.<\/li>\n<li>W tym tygodniu zako\u0144czymy nasze prace zwi\u0105zane z uk\u0142adaniem nowej posadzki w ko\u015bciele. W zwi\u0105zku z tym w sobot\u0119 by\u0142oby generalne sprz\u0105tanie po tych pracach. Prosz\u0119 zatem o pomoc w sprz\u0105taniu osoby z dw&oacute;ch rejon&oacute;w, tak aby, sprawnie przygotowa\u0107 ko\u015bci&oacute;\u0142 do normalnego funkcjonowania. .<\/li>\n<\/ol>\n<h3 style=\"text-align: center;\"><strong><span style=\"color: rgb(0, 0, 128);\">Intencje mszalne<\/span><\/strong><\/h3>\n<h4 style=\"text-align: center;\"><strong><span style=\"color: rgb(0, 0, 128);\">od 19 sierpnia 2019 do 25 sierpnia 2019<\/span><\/strong><\/h4>\n<h4><strong><br \/>\n\tGdyby zbyt d\u0142ugi czas nie by\u0142a og\u0142oszona zam&oacute;wiona intencja mszalna &ndash; prosimy o zg\u0142oszenie tego kap\u0142anowi.&nbsp; Zam&oacute;wiona intencja nie mo\u017ce zgin\u0105\u0107.<br \/>\n\t<\/strong><\/h4>\n<p><u><strong>Poniedzia\u0142ek &#8211; 19 sierpnia<\/strong><\/u><br \/>\n\t1. + Stanis\u0142awa Machniak (greg.)<br \/>\n\t2. + J&oacute;zef Bar od br. Franciszka z \u017con\u0105;<br \/>\n\t3. + Maria Pelc od r. Markockich;<\/p>\n<p><u><strong>Wtorek &#8211; 20<\/strong><\/u><u><strong> sierpnia<\/strong><\/u><br \/>\n\t1. + Stanis\u0142awa Machniak (greg.)<br \/>\n\t2. + Micha\u0142 Kie\u0142b od Bogumi\u0142y i Janiny;<br \/>\n\t3. + Genowefa \u015amia\u0142ek od kuzynki Heleny;<\/p>\n<p><u><strong>\u015aroda &#8211; 21<\/strong><\/u><u><strong> sierpnia<\/strong><\/u><br \/>\n\t1. + Stanis\u0142awa Machniak (greg.)<br \/>\n\t2. + Maria, Stefania, W\u0142adys\u0142aw, Stefania Cebulak; <br \/>\n\t3. + Renata Nowak od kuz. Renaty z rodz.;<\/p>\n<p><u><strong>Czwartek &#8211; 22<\/strong><\/u><u><strong> sierpnia<\/strong><\/u><br \/>\n\t1. + Stanis\u0142awa Machniak (greg.)<br \/>\n\t2. + Cecylia Miara (18).<br \/>\n\t3. ++ Anna, Julia, Jan, J&oacute;zef, Maria, Tomasz Golakowie;<\/p>\n<p>\t<u><strong>Pi\u0105tek &#8211; 23<\/strong><\/u><u><strong> sierpnia<\/strong><\/u><br \/>\n\t1. + Stanis\u0142awa Machniak (greg.) <br \/>\n\t2. + Konrad Ko\u0142cz.;<br \/>\n\t3. + Maria Kubis od Anety i Piotra;<\/p>\n<p><u><strong>Sobota &#8211; 24 sierpnia<\/strong><\/u><br \/>\n\t1. + Stanis\u0142awa Machniak (greg.) <br \/>\n\t2. + Roman Biel&oacute;wka od s. z rodzin\u0105 ; <br \/>\n\t3. ++ dusze w czy\u015b\u0107cu cierpi\u0105ce (19\/7);<\/p>\n<p><u><strong>Niedziela &#8211; 25<\/strong><\/u><u><strong> sierpnia<\/strong><\/u><br \/>\n\t6:30 ++ Zbigniew Wasilewski i zm. rodzice <br \/>\n\t8:00 ++ Teresa, Edward Kwolek;<br \/>\n\t10:30 Za parafian; <br \/>\n\t15:00 + Stanis\u0142awa Machniak &ndash;( greg).<\/p>\n<h3 style=\"text-align: center;\"><strong><strong><span style=\"color: rgb(0, 0, 128);\">Modlitw\u0119 r&oacute;\u017ca\u0144cow\u0105 prowadz\u0105<br \/>\n\t<\/span><\/strong><\/strong><\/h3>\n<p>19.P. R. \u015aw. Jadwigi \u015al\u0105skiej -(Maria Bester)<br \/>\n\t20.W. R. \u015aw. Katarzyny- (A. Kurek)<br \/>\n\t21.\u015a. R. \u015aw. \u0141ucji- (Anna Szular) <br \/>\n\t22.C. R. \u015aw. Kingi- (Maria Golak)<br \/>\n\t23.P. R. KSM <br \/>\n\t24. S. R. \u015aw. Klary &#8211; (Teresa G\u0142owiak)<br \/>\n\t25.N. R. \u015aw. Marii Magdaleny &#8211; (Maria Baran)<\/p>\n<p>\t<strong>Wyznaczona R&oacute;\u017ca powinna czu\u0107 si\u0119 zobowi\u0105zana do obecno\u015bci i prowadzenia modlitwy r&oacute;\u017ca\u0144cowej.<\/strong><\/p>\n","protected":false},"excerpt":{"rendered":"<p>XX NIEDZIELA ZWYK\u0141A &#8211; 18-08-2019 Og\u0142oszenia Dzi\u015b o 15:00 Nabo\u017ce\u0144stwo do Mi\u0142osierdzia Bo\u017cego i Msza \u015bw. We wtorek czcimy \u015bw. Bernarda &ndash; opata W \u015brod\u0119 \u015bw. Piusa X &ndash; papie\u017ca &hellip; <a href=\"https:\/\/budy.przemyska.pl\/index.php\/2019\/08\/18\/ogloszenia-parafialne-18-08-2019\/\" class=\"more-link\">Czytaj dalej <span class=\"screen-reader-text\">Og\u0142oszenia parafialne 18-08-2019<\/span> <span class=\"meta-nav\">&rarr;<\/span><\/a><\/p>\n","protected":false},"author":1,"featured_media":0,"comment_status":"closed","ping_status":"closed","sticky":false,"template":"","format":"standard","meta":{"footnotes":""},"categories":[6,4],"tags":[],"class_list":["post-2757","post","type-post","status-publish","format-standard","hentry","category-aktualnosci","category-ogloszenia"],"_links":{"self":[{"href":"https:\/\/budy.przemyska.pl\/index.php\/wp-json\/wp\/v2\/posts\/2757","targetHints":{"allow":["GET"]}}],"collection":[{"href":"https:\/\/budy.przemyska.pl\/index.php\/wp-json\/wp\/v2\/posts"}],"about":[{"href":"https:\/\/budy.przemyska.pl\/index.php\/wp-json\/wp\/v2\/types\/post"}],"author":[{"embeddable":true,"href":"https:\/\/budy.przemyska.pl\/index.php\/wp-json\/wp\/v2\/users\/1"}],"replies":[{"embeddable":true,"href":"https:\/\/budy.przemyska.pl\/index.php\/wp-json\/wp\/v2\/comments?post=2757"}],"version-history":[{"count":0,"href":"https:\/\/budy.przemyska.pl\/index.php\/wp-json\/wp\/v2\/posts\/2757\/revisions"}],"wp:attachment":[{"href":"https:\/\/budy.przemyska.pl\/index.php\/wp-json\/wp\/v2\/media?parent=2757"}],"wp:term":[{"taxonomy":"category","embeddable":true,"href":"https:\/\/budy.przemyska.pl\/index.php\/wp-json\/wp\/v2\/categories?post=2757"},{"taxonomy":"post_tag","embeddable":true,"href":"https:\/\/budy.przemyska.pl\/index.php\/wp-json\/wp\/v2\/tags?post=2757"}],"curies":[{"name":"wp","href":"https:\/\/api.w.org\/{rel}","templated":true}]}}