{"id":2746,"date":"2019-08-04T21:24:09","date_gmt":"2019-08-04T19:24:09","guid":{"rendered":"http:\/\/www.budylancuckie.przemyska.pl\/?p=2746"},"modified":"2019-08-04T21:24:09","modified_gmt":"2019-08-04T19:24:09","slug":"ogloszenia-parafialne-04-08-2019","status":"publish","type":"post","link":"https:\/\/budy.przemyska.pl\/index.php\/2019\/08\/04\/ogloszenia-parafialne-04-08-2019\/","title":{"rendered":"Og\u0142oszenia parafialne 04-08-2019"},"content":{"rendered":"<h2 style=\"text-align: center;\"><strong><span style=\"color: rgb(0, 0, 128);\">XVIII NIEDZIELA ZWYK\u0141A &#8211; 04-08-2019<\/span><\/strong><\/h2>\n<h2 style=\"text-align: center;\"><strong><span style=\"color: rgb(0, 0, 128);\">Og\u0142oszenia<br \/>\n\t<\/span><\/strong><\/h2>\n<ol>\n<li>Dzi\u015b o 15:00 Nabo\u017ce\u0144stwo do Mi\u0142osierdzia Bo\u017cego i Msza \u015bw. Dzi\u015b wspominamy \u015bw. Jana Vianneya &ndash; patrona proboszcz&oacute;w.<\/li>\n<li>We wtorek, \u015bwi\u0119to Przemienienia Pa\u0144skiego &ndash; po Mszy \u015bw. po\u015bwi\u0119cenie kopru. W czwartek &#8211; \u015bw.Dominika; w pi\u0105tek &#8211; \u015bw. Teresy Benedykty od Krzy\u017ca; w sobot\u0119 &#8211; \u015bw. Wawrzy\u0144ca; po\u015bwi\u0119cenie mas\u0142a.<\/li>\n<li>Bardzo prosimy, aby przy sprz\u0105taniu nowej posadzki u\u017cywa\u0107 tylko samej wody, bez \u017cadnych p\u0142yn&oacute;w, czy te\u017c innych dodatk&oacute;w.<\/li>\n<li>B&oacute;g zap\u0142a\u0107 sprz\u0105taj\u0105cym, stroj\u0105cym ko\u015bci&oacute;\u0142 i za ofiary sk\u0142adane na potrzeby ko\u015bcio\u0142a.<\/li>\n<\/ol>\n<h3 style=\"text-align: center;\"><strong><span style=\"color: rgb(0, 0, 128);\">Intencje mszalne<\/span><\/strong><\/h3>\n<h4 style=\"text-align: center;\"><strong><span style=\"color: rgb(0, 0, 128);\">od 5 sierpnia 2019 do 11 sierpnia 2019<\/span><\/strong><\/h4>\n<h4><strong><br \/>\n\tGdyby zbyt d\u0142ugi czas nie by\u0142a og\u0142oszona zam&oacute;wiona intencja mszalna &ndash; prosimy o zg\u0142oszenie tego kap\u0142anowi.&nbsp; Zam&oacute;wiona intencja nie mo\u017ce zgin\u0105\u0107.<br \/>\n\t<\/strong><\/h4>\n<p><u><strong>Poniedzia\u0142ek &#8211; 5 sierpnia<\/strong><\/u><br \/>\n\t1. + Stanis\u0142awa Machniak (greg.)<br \/>\n\t2. + Micha\u0142 Kie\u0142b od br. Tadeusza z rodz.<br \/>\n\t3. + Wies\u0142aw Kubis,rocz.<\/p>\n<p><u><strong>Wtorek &#8211; 6<\/strong><\/u><u><strong> sierpnia<\/strong><\/u><br \/>\n\t1. + Stanis\u0142awa Machniak (greg.)<br \/>\n\t2. + Roman Biel&oacute;wka od r. \u015awizdor, K\u0142os;<br \/>\n\t3. ++ Stefania i W\u0142adys\u0142aw Ciupi\u0144scy;<\/p>\n<p><u><strong>\u015aroda &#8211; 7<\/strong><\/u><u><strong> sierpnia<\/strong><\/u><br \/>\n\t1. + Stanis\u0142awa Machniak (greg.)<br \/>\n\t2. + J&oacute;zef Bar od prac. Vipo;<br \/>\n\t3. O zdrowie i b\u0142og. B. dla Janiny;<\/p>\n<p><u><strong>Czwartek &#8211; 8<\/strong><\/u><u><strong> sierpnia<\/strong><\/u><br \/>\n\t1. + Stanis\u0142awa Machniak (greg.)<br \/>\n\t2. + Stanis\u0142aw Socha od c. Krystyny z m\u0119\u017cem; <br \/>\n\t3. + Renata Nowak od kuzyna Andrzeja z rodz.;<\/p>\n<p>\t<u><strong>Pi\u0105tek &#8211; 9<\/strong><\/u><u><strong> sierpnia<\/strong><\/u><br \/>\n\t1. + Stanis\u0142awa Machniak (greg.) <br \/>\n\t2. + Maria Kubis od Jakuba z rodz.; <br \/>\n\t3. + Jan Aab rocz.<\/p>\n<p><u><strong>Sobota &#8211; 10 sierpnia<\/strong><\/u><br \/>\n\t1. + Stanis\u0142awa Machniak (greg.) <br \/>\n\t2. + Bronis\u0142aw Wacnik;<br \/>\n\t3. ++ Tadeusz Kurek i jego rodzice;<\/p>\n<p><u><strong>Niedziela &#8211; 11<\/strong><\/u><u><strong> sierpnia<\/strong><\/u><br \/>\n\t6:30 ++ Klara, Jan Kojder i zm. z rodziny;<br \/>\n\t8:00 Dzi\u0119kczynna i o b\u0142og. Bo\u017ce dla Heleny i ca\u0142ej rodz. w 85 r. urodzin;<br \/>\n\t10:30 W intencji parafian; <br \/>\n\t15:00 + Stanis\u0142awa Machniak (greg.)<\/p>\n<h3 style=\"text-align: center;\"><strong><strong><span style=\"color: rgb(0, 0, 128);\">Modlitw\u0119 r&oacute;\u017ca\u0144cow\u0105 prowadz\u0105<br \/>\n\t<\/span><\/strong><\/strong><\/h3>\n<p>05.P. R. \u015aw. Agaty &#8211; (Patrycja Por\u0119bna)<br \/>\n\t06.W. R. \u015aw. Agnieszki &#8211; (Krystyna Nykiel)<br \/>\n\t07.\u015a. R. \u015aw. Andrzeja Aposto\u0142a &#8211; (J&oacute;zef M\u0105dry)<br \/>\n\t08. C. R. \u015aw. Anny &#8211;(Karolina Benedyk)<br \/>\n\t09.P. R. KSM <br \/>\n\t10.S. R. \u015aw. El\u017cbiety- (Alina Trojnar)<br \/>\n\t11.N. R. \u015aw. Cecylii&#8211; (Krystyna Markowicz)<\/p>\n<p>\t<strong>Wyznaczona R&oacute;\u017ca powinna czu\u0107 si\u0119 zobowi\u0105zana do obecno\u015bci i prowadzenia modlitwy r&oacute;\u017ca\u0144cowej.<\/strong><\/p>\n","protected":false},"excerpt":{"rendered":"<p>XVIII NIEDZIELA ZWYK\u0141A &#8211; 04-08-2019 Og\u0142oszenia Dzi\u015b o 15:00 Nabo\u017ce\u0144stwo do Mi\u0142osierdzia Bo\u017cego i Msza \u015bw. Dzi\u015b wspominamy \u015bw. Jana Vianneya &ndash; patrona proboszcz&oacute;w. We wtorek, \u015bwi\u0119to Przemienienia Pa\u0144skiego &ndash; &hellip; <a href=\"https:\/\/budy.przemyska.pl\/index.php\/2019\/08\/04\/ogloszenia-parafialne-04-08-2019\/\" class=\"more-link\">Czytaj dalej <span class=\"screen-reader-text\">Og\u0142oszenia parafialne 04-08-2019<\/span> <span class=\"meta-nav\">&rarr;<\/span><\/a><\/p>\n","protected":false},"author":1,"featured_media":0,"comment_status":"closed","ping_status":"closed","sticky":false,"template":"","format":"standard","meta":{"footnotes":""},"categories":[6,4],"tags":[],"class_list":["post-2746","post","type-post","status-publish","format-standard","hentry","category-aktualnosci","category-ogloszenia"],"_links":{"self":[{"href":"https:\/\/budy.przemyska.pl\/index.php\/wp-json\/wp\/v2\/posts\/2746","targetHints":{"allow":["GET"]}}],"collection":[{"href":"https:\/\/budy.przemyska.pl\/index.php\/wp-json\/wp\/v2\/posts"}],"about":[{"href":"https:\/\/budy.przemyska.pl\/index.php\/wp-json\/wp\/v2\/types\/post"}],"author":[{"embeddable":true,"href":"https:\/\/budy.przemyska.pl\/index.php\/wp-json\/wp\/v2\/users\/1"}],"replies":[{"embeddable":true,"href":"https:\/\/budy.przemyska.pl\/index.php\/wp-json\/wp\/v2\/comments?post=2746"}],"version-history":[{"count":0,"href":"https:\/\/budy.przemyska.pl\/index.php\/wp-json\/wp\/v2\/posts\/2746\/revisions"}],"wp:attachment":[{"href":"https:\/\/budy.przemyska.pl\/index.php\/wp-json\/wp\/v2\/media?parent=2746"}],"wp:term":[{"taxonomy":"category","embeddable":true,"href":"https:\/\/budy.przemyska.pl\/index.php\/wp-json\/wp\/v2\/categories?post=2746"},{"taxonomy":"post_tag","embeddable":true,"href":"https:\/\/budy.przemyska.pl\/index.php\/wp-json\/wp\/v2\/tags?post=2746"}],"curies":[{"name":"wp","href":"https:\/\/api.w.org\/{rel}","templated":true}]}}