{"id":2699,"date":"2019-04-19T08:30:35","date_gmt":"2019-04-19T06:30:35","guid":{"rendered":"http:\/\/www.budylancuckie.przemyska.pl\/?p=2699"},"modified":"2019-04-19T08:30:35","modified_gmt":"2019-04-19T06:30:35","slug":"wlaczenie-ks-konrada-dyrdy-do-grona-kanonikow-przemyskiej-kapituly-metropolitalnej","status":"publish","type":"post","link":"https:\/\/budy.przemyska.pl\/index.php\/2019\/04\/19\/wlaczenie-ks-konrada-dyrdy-do-grona-kanonikow-przemyskiej-kapituly-metropolitalnej\/","title":{"rendered":"W\u0142\u0105czenie ks. Konrada Dyrdy do grona kanonik\u00f3w Przemyskiej Kapitu\u0142y Metropolitalnej"},"content":{"rendered":"<div class=\"fb-post\" data-href=\"https:\/\/www.facebook.com\/parafiabudy\/posts\/1440143876122290\" data-show-text=\"true\" data-width=\"600\">\n<blockquote cite=\"https:\/\/developers.facebook.com\/parafiabudy\/posts\/1440143876122290\" class=\"fb-xfbml-parse-ignore\">\n<p>W Wielki Czwartek, 18 kwietnia 2019 r., po Mszy \u015awi\u0119tej Krzy\u017cma w Domu Biskupim zgromadzili si\u0119 kap\u0142ani, aby przekaza\u0107&#8230;<\/p>\n<p>\t\tOpublikowany przez <a href=\"https:\/\/www.facebook.com\/parafiabudy\/\">Parafia pw. Niepokalanego Serca NMP w Budach \u0141a\u0144cuckich<\/a>&nbsp;<a href=\"https:\/\/developers.facebook.com\/parafiabudy\/posts\/1440143876122290\">Czwartek, 18 kwietnia 2019<\/a><\/p><\/blockquote>\n<\/div>\n","protected":false},"excerpt":{"rendered":"<p>W Wielki Czwartek, 18 kwietnia 2019 r., po Mszy \u015awi\u0119tej Krzy\u017cma w Domu Biskupim zgromadzili si\u0119 kap\u0142ani, aby przekaza\u0107&#8230; Opublikowany przez Parafia pw. Niepokalanego Serca NMP w Budach \u0141a\u0144cuckich&nbsp;Czwartek, 18 &hellip; <a href=\"https:\/\/budy.przemyska.pl\/index.php\/2019\/04\/19\/wlaczenie-ks-konrada-dyrdy-do-grona-kanonikow-przemyskiej-kapituly-metropolitalnej\/\" class=\"more-link\">Czytaj dalej <span class=\"screen-reader-text\">W\u0142\u0105czenie ks. Konrada Dyrdy do grona kanonik\u00f3w Przemyskiej Kapitu\u0142y Metropolitalnej<\/span> <span class=\"meta-nav\">&rarr;<\/span><\/a><\/p>\n","protected":false},"author":1,"featured_media":0,"comment_status":"closed","ping_status":"closed","sticky":false,"template":"","format":"standard","meta":{"footnotes":""},"categories":[6],"tags":[],"class_list":["post-2699","post","type-post","status-publish","format-standard","hentry","category-aktualnosci"],"_links":{"self":[{"href":"https:\/\/budy.przemyska.pl\/index.php\/wp-json\/wp\/v2\/posts\/2699","targetHints":{"allow":["GET"]}}],"collection":[{"href":"https:\/\/budy.przemyska.pl\/index.php\/wp-json\/wp\/v2\/posts"}],"about":[{"href":"https:\/\/budy.przemyska.pl\/index.php\/wp-json\/wp\/v2\/types\/post"}],"author":[{"embeddable":true,"href":"https:\/\/budy.przemyska.pl\/index.php\/wp-json\/wp\/v2\/users\/1"}],"replies":[{"embeddable":true,"href":"https:\/\/budy.przemyska.pl\/index.php\/wp-json\/wp\/v2\/comments?post=2699"}],"version-history":[{"count":0,"href":"https:\/\/budy.przemyska.pl\/index.php\/wp-json\/wp\/v2\/posts\/2699\/revisions"}],"wp:attachment":[{"href":"https:\/\/budy.przemyska.pl\/index.php\/wp-json\/wp\/v2\/media?parent=2699"}],"wp:term":[{"taxonomy":"category","embeddable":true,"href":"https:\/\/budy.przemyska.pl\/index.php\/wp-json\/wp\/v2\/categories?post=2699"},{"taxonomy":"post_tag","embeddable":true,"href":"https:\/\/budy.przemyska.pl\/index.php\/wp-json\/wp\/v2\/tags?post=2699"}],"curies":[{"name":"wp","href":"https:\/\/api.w.org\/{rel}","templated":true}]}}