{"id":2696,"date":"2019-04-17T23:03:25","date_gmt":"2019-04-17T21:03:25","guid":{"rendered":"http:\/\/www.budylancuckie.przemyska.pl\/?p=2696"},"modified":"2019-04-17T23:03:25","modified_gmt":"2019-04-17T21:03:25","slug":"zyczenia-dla-kaplanow-wielki-czwartek-2019","status":"publish","type":"post","link":"https:\/\/budy.przemyska.pl\/index.php\/2019\/04\/17\/zyczenia-dla-kaplanow-wielki-czwartek-2019\/","title":{"rendered":"\u017byczenia dla kap\u0142an\u00f3w \u2013 Wielki Czwartek 2019"},"content":{"rendered":"<p class=\"MsoNormal\" style=\"text-align:justify\">[singlepic id=1763 w=75 h=100 float=left] [singlepic id=96 w=75 h=100 float=left] [singlepic id=1081 w=75 h=100 float=left] <a href=\"https:\/\/misericors.org\/list-biskupow-polskich-do-kaplanow-na-wielki-czwartek-2019-roku\/\" target=\"_blank\" rel=\"noopener\">W li\u015bcie do kap\u0142an&oacute;w na Wielki Czwartek 2019<\/a> zatytu\u0142owanym &quot;Podejmowa\u0107 misj\u0119 w mocy Bo\u017cego Ducha&quot; biskupi polscy pisz\u0105:<br \/>\n\t<em>(&#8230;)Duch \u015awi\u0119ty jest w stanie przemieni\u0107 alumna, diakona czy prezbitera do tego, by nie pozostawa\u0142 zamkni\u0119ty, zastraszony czy oboj\u0119tny. By w mocy Ducha \u015awi\u0119tego podejmowa\u0142 pos\u0142ug\u0119, kt&oacute;ra wyp\u0142ywa z powo\u0142ania i \u0142aski przyj\u0119tych \u015bwi\u0119ce\u0144. By mia\u0142 odwag\u0119 wychodzi\u0107 do ludzi, tak\u017ce i tych, kt&oacute;rzy s\u0105 uprzedzeni i nieskorzy do s\u0142uchania. By pos\u0142uszny Duchowi \u015awi\u0119temu g\u0142osi\u0142 owocnie zbawienie, by umia\u0142, w zale\u017cno\u015bci od sytuacji, upomnie\u0107 i zach\u0119ci\u0107. By pami\u0119ta\u0142 &ndash; jak przypomnia\u0142 w Panamie kap\u0142anom papie\u017c Franciszek &ndash; \u017ce nie wolno nam nada\u0107 &bdquo;obywatelstwa&rdquo; jednej z najgorszych mo\u017cliwych herezji naszych czas&oacute;w: my\u015bleniu, \u017ce Pan i nasze wsp&oacute;lnoty nie maj\u0105 ju\u017c nic do powiedzenia czy dania temu nowo rodz\u0105cemu si\u0119 \u015bwiatu(por. Evangelii gaudium, 83)(&#8230;) <\/em><\/p>\n<p class=\"MsoNormal\" style=\"text-align:justify\"><strong>Drodzy Kap\u0142ani &ndash; Ksi\u0119\u017ce Marku, Ksi\u0119\u017ce W\u0142adys\u0142awie, Ksi\u0119\u017ce Miros\u0142awie<\/strong><\/p>\n<p>w imieniu parafian \u017cyczymy Wam aby Duch \u015awi\u0119ty ci\u0105gle podtrzymywa\u0142 rozpalony charyzmat Bo\u017cy jaki otrzymali\u015bcie przez w\u0142o\u017cenie r\u0105k biskupa, aby\u015bcie w mocy Ducha \u015awi\u0119tego g\u0142osili Dobr\u0105 Nowin\u0119. Nasza parafia jest po\u015bwi\u0119cona w spos&oacute;b szczeg&oacute;lny Matce Bo\u017cej. Nie Matka Pana Jezusa wstawia si\u0119 w Waszych intencjach u swego Syna. Niech On Was b\u0142ogos\u0142awi i strze\u017ce, obdarza potrzebnymi \u0142askami. Za ka\u017cd\u0105 Eucharysti\u0119, kazanie, spowied\u017a, modlitw\u0119, b\u0142ogos\u0142awie\u0144stwo, za wszystkie udzielone sakramenty i za wszystkie \u0142aski, kt&oacute;re dzi\u0119ki Waszej pos\u0142udze otrzymali\u015bmy od Pana &ndash; z g\u0142\u0119bi serca dzi\u0119kujemy! Dzi\u0119kujemy za Wasz\u0105 obecno\u015b\u0107 po\u015br&oacute;d nas.<\/p>\n<p>Nasze serdeczne \u017cyczenia kierujemy tak\u017ce w stron\u0119 wszystkich kap\u0142an&oacute;w pochodz\u0105cych z naszej Parafii, a tak\u017ce wszystkich, kt&oacute;rzy pe\u0142nili kap\u0142a\u0144sk\u0105 pos\u0142ug\u0119 w naszej parafii.<\/p>\n","protected":false},"excerpt":{"rendered":"<p>[singlepic id=1763 w=75 h=100 float=left] [singlepic id=96 w=75 h=100 float=left] [singlepic id=1081 w=75 h=100 float=left] W li\u015bcie do kap\u0142an&oacute;w na Wielki Czwartek 2019 zatytu\u0142owanym &quot;Podejmowa\u0107 misj\u0119 w mocy Bo\u017cego Ducha&quot; &hellip; <a href=\"https:\/\/budy.przemyska.pl\/index.php\/2019\/04\/17\/zyczenia-dla-kaplanow-wielki-czwartek-2019\/\" class=\"more-link\">Czytaj dalej <span class=\"screen-reader-text\">\u017byczenia dla kap\u0142an\u00f3w \u2013 Wielki Czwartek 2019<\/span> <span class=\"meta-nav\">&rarr;<\/span><\/a><\/p>\n","protected":false},"author":1,"featured_media":0,"comment_status":"closed","ping_status":"closed","sticky":false,"template":"","format":"standard","meta":{"footnotes":""},"categories":[6],"tags":[],"class_list":["post-2696","post","type-post","status-publish","format-standard","hentry","category-aktualnosci"],"_links":{"self":[{"href":"https:\/\/budy.przemyska.pl\/index.php\/wp-json\/wp\/v2\/posts\/2696","targetHints":{"allow":["GET"]}}],"collection":[{"href":"https:\/\/budy.przemyska.pl\/index.php\/wp-json\/wp\/v2\/posts"}],"about":[{"href":"https:\/\/budy.przemyska.pl\/index.php\/wp-json\/wp\/v2\/types\/post"}],"author":[{"embeddable":true,"href":"https:\/\/budy.przemyska.pl\/index.php\/wp-json\/wp\/v2\/users\/1"}],"replies":[{"embeddable":true,"href":"https:\/\/budy.przemyska.pl\/index.php\/wp-json\/wp\/v2\/comments?post=2696"}],"version-history":[{"count":0,"href":"https:\/\/budy.przemyska.pl\/index.php\/wp-json\/wp\/v2\/posts\/2696\/revisions"}],"wp:attachment":[{"href":"https:\/\/budy.przemyska.pl\/index.php\/wp-json\/wp\/v2\/media?parent=2696"}],"wp:term":[{"taxonomy":"category","embeddable":true,"href":"https:\/\/budy.przemyska.pl\/index.php\/wp-json\/wp\/v2\/categories?post=2696"},{"taxonomy":"post_tag","embeddable":true,"href":"https:\/\/budy.przemyska.pl\/index.php\/wp-json\/wp\/v2\/tags?post=2696"}],"curies":[{"name":"wp","href":"https:\/\/api.w.org\/{rel}","templated":true}]}}