{"id":2684,"date":"2019-04-07T09:45:13","date_gmt":"2019-04-07T07:45:13","guid":{"rendered":"http:\/\/www.budylancuckie.przemyska.pl\/?p=2684"},"modified":"2019-04-07T09:45:13","modified_gmt":"2019-04-07T07:45:13","slug":"ogloszenia-parafialne-7-04-2019","status":"publish","type":"post","link":"https:\/\/budy.przemyska.pl\/index.php\/2019\/04\/07\/ogloszenia-parafialne-7-04-2019\/","title":{"rendered":"Og\u0142oszenia parafialne 7-04-2019"},"content":{"rendered":"<h2 style=\"text-align: center;\"><strong><span style=\"color: rgb(0, 0, 128);\">V Niedziela Wielkiego Postu &#8211; 7-04-2019<\/span><\/strong><\/h2>\n<h2 style=\"text-align: center;\"><strong><span style=\"color: rgb(0, 0, 128);\">Og\u0142oszenia<br \/>\n\t<\/span><\/strong><\/h2>\n<ol>\n<li>Dzi\u015b o godz. 15:00 Gorzkie \u017bale i Msza \u015bw.<\/li>\n<li>W poniedzia\u0142ek po Mszy \u015bw. spotkanie dzieci z klas III.<\/li>\n<li>We wtorek w naszej parafii spowied\u017a wielkopostna od godz. 15:00 do 18:00 z przerw\u0105 od 16:30 do 17:00.<\/li>\n<li>W czwartek o godz. 17:00 adoracja Naj\u015bwi\u0119tszego Sakramentu. <\/li>\n<li>W pi\u0105tek o godz. 17:30 r&oacute;\u017caniec, Droga Krzy\u017cowa i Msza \u015bw. W tym dniu b\u0119d\u0105 zbierane ofiary na kwiaty do Bo\u017cego Grobu. Druga Droga Krzy\u017cowa o godz. 20:00.<\/li>\n<li>B&oacute;g zap\u0142a\u0107 osobom sprz\u0105taj\u0105cym ko\u015bci&oacute;\u0142 w tym tygodniu..<\/li>\n<\/ol>\n<h3 style=\"text-align: center;\"><strong><span style=\"color: rgb(0, 0, 128);\">Intencje mszalne<\/span><\/strong><\/h3>\n<h4 style=\"text-align: center;\"><strong><span style=\"color: rgb(0, 0, 128);\">od 8 kwietnia 2019 do 14 kwietnia 2019<\/span><\/strong><\/h4>\n<h4><strong><br \/>\n\tGdyby zbyt d\u0142ugi czas nie by\u0142a og\u0142oszona zam&oacute;wiona intencja mszalna &ndash; prosimy o zg\u0142oszenie tego kap\u0142anowi.&nbsp; Zam&oacute;wiona intencja nie mo\u017ce zgin\u0105\u0107.<br \/>\n\t<\/strong><\/h4>\n<p><u><strong>Poniedzia\u0142ek &#8211; 8.4.<\/strong><\/u><br \/>\n\t1. + Jan Janusz (greg.) <br \/>\n\t2. ++ Stanis\u0142awa, Felis Moli\u0144scy, Stefania \u015apiewak;<br \/>\n\t3. + Maria Por\u0119bna od prac. bl. Oper. w \u0141a\u0144cucie; <\/p>\n<p><u><strong>Wtorek &#8211; 9.4.<\/strong><\/u><br \/>\n\t1. + Jan Janusz (greg.) <br \/>\n\t2. ++ Anna, Jan, Micha\u0142 Jarosz; Stanis\u0142awa, Stanis\u0142aw Czech; <br \/>\n\t3. + Cecylia Miara od szwagra z rodz;<\/p>\n<p><u><strong>\u015aroda &#8211; 10.4.<\/strong><\/u><br \/>\n\t1. + Jan Janusz (greg.) <br \/>\n\t2. + J&oacute;zef Socha od W\u0142adys\u0142awa Markowskiego;<br \/>\n\t3. + Marcin Rupar od s. Joanny z rodz;<\/p>\n<p><u><strong>Czwartek &#8211; 11.4<\/strong><\/u><br \/>\n\t1. + Jan Janusz (greg.) <br \/>\n\t2. + Micha\u0142 Wikiera; <br \/>\n\t3. + W\u0142adys\u0142aw Cebulak od kolegi Jana;<\/p>\n<p>\t<u><strong>Pi\u0105tek &#8211; 12.4<\/strong><\/u><br \/>\n\t1. + Jan Janusz (greg.<br \/>\n\t2. ++ Anna i Stanis\u0142aw Gamracy;<br \/>\n\t3. + Ryszard Markowicz od kole\u017c. z pracy c. Agnieszki;<\/p>\n<p><u><strong>Sobota &#8211; 13.4.<\/strong><\/u><br \/>\n\t1. + Jan Janusz (greg.) <br \/>\n\t2. + Stanis\u0142aw Paluch <br \/>\n\t3. ++ ks. Jan Cebulak i rodzice;<\/p>\n<p><u><strong>Niedziela &#8211; 14.4.<\/strong><\/u><br \/>\n\t6:30 + Julia, Stanis\u0142aw Misi\u0105g, Cecylia Mazur, Stanis\u0142aw Panek; <br \/>\n\t8:00 ++ Renata Nowak od chrzestnej z m\u0119\u017cem<br \/>\n\t10:30 W int. parafian <br \/>\n\t15:00 + Jan Janusz (greg.)<\/p>\n<h3 style=\"text-align: center;\"><strong><strong><span style=\"color: rgb(0, 0, 128);\">Modlitw\u0119 r&oacute;\u017ca\u0144cow\u0105 prowadz\u0105<br \/>\n\t<\/span><\/strong><\/strong><\/h3>\n<p>08.P.R. \u015aw. Marii Magdaleny &#8211; (Maria Baran)<br \/>\n\t09.W. R. \u015aw. Marii Goretti &#8211; (El\u017cbieta Kukulska)<br \/>\n\t10.\u015a.R. Matki Bo\u017cej Bolesnej &#8211; (G. Bartnik)<br \/>\n\t11.C.R. \u015aw. Marty &#8211; (Cz. Por\u0119bna)<br \/>\n\t12.P.R. KSM <br \/>\n\t13.S.R. Matki Bo\u017cej R&oacute;\u017ca\u0144cowej &#8211; (Zofia \u015awizdor)<br \/>\n\t14.N.R. Matki Bo\u017cej Szkaplerznej- (M. K\u0142os)<\/p>\n<p>\t<strong>Wyznaczona R&oacute;\u017ca powinna czu\u0107 si\u0119 zobowi\u0105zana do obecno\u015bci i prowadzenia modlitwy r&oacute;\u017ca\u0144cowej.<\/strong><\/p>\n","protected":false},"excerpt":{"rendered":"<p>V Niedziela Wielkiego Postu &#8211; 7-04-2019 Og\u0142oszenia Dzi\u015b o godz. 15:00 Gorzkie \u017bale i Msza \u015bw. W poniedzia\u0142ek po Mszy \u015bw. spotkanie dzieci z klas III. We wtorek w naszej &hellip; <a href=\"https:\/\/budy.przemyska.pl\/index.php\/2019\/04\/07\/ogloszenia-parafialne-7-04-2019\/\" class=\"more-link\">Czytaj dalej <span class=\"screen-reader-text\">Og\u0142oszenia parafialne 7-04-2019<\/span> <span class=\"meta-nav\">&rarr;<\/span><\/a><\/p>\n","protected":false},"author":1,"featured_media":0,"comment_status":"closed","ping_status":"closed","sticky":false,"template":"","format":"standard","meta":{"footnotes":""},"categories":[6,4],"tags":[],"class_list":["post-2684","post","type-post","status-publish","format-standard","hentry","category-aktualnosci","category-ogloszenia"],"_links":{"self":[{"href":"https:\/\/budy.przemyska.pl\/index.php\/wp-json\/wp\/v2\/posts\/2684","targetHints":{"allow":["GET"]}}],"collection":[{"href":"https:\/\/budy.przemyska.pl\/index.php\/wp-json\/wp\/v2\/posts"}],"about":[{"href":"https:\/\/budy.przemyska.pl\/index.php\/wp-json\/wp\/v2\/types\/post"}],"author":[{"embeddable":true,"href":"https:\/\/budy.przemyska.pl\/index.php\/wp-json\/wp\/v2\/users\/1"}],"replies":[{"embeddable":true,"href":"https:\/\/budy.przemyska.pl\/index.php\/wp-json\/wp\/v2\/comments?post=2684"}],"version-history":[{"count":0,"href":"https:\/\/budy.przemyska.pl\/index.php\/wp-json\/wp\/v2\/posts\/2684\/revisions"}],"wp:attachment":[{"href":"https:\/\/budy.przemyska.pl\/index.php\/wp-json\/wp\/v2\/media?parent=2684"}],"wp:term":[{"taxonomy":"category","embeddable":true,"href":"https:\/\/budy.przemyska.pl\/index.php\/wp-json\/wp\/v2\/categories?post=2684"},{"taxonomy":"post_tag","embeddable":true,"href":"https:\/\/budy.przemyska.pl\/index.php\/wp-json\/wp\/v2\/tags?post=2684"}],"curies":[{"name":"wp","href":"https:\/\/api.w.org\/{rel}","templated":true}]}}