{"id":2678,"date":"2019-03-24T20:06:39","date_gmt":"2019-03-24T19:06:39","guid":{"rendered":"http:\/\/www.budylancuckie.przemyska.pl\/?p=2678"},"modified":"2019-03-24T20:06:39","modified_gmt":"2019-03-24T19:06:39","slug":"ogloszenia-parafialne-24-03-2019","status":"publish","type":"post","link":"https:\/\/budy.przemyska.pl\/index.php\/2019\/03\/24\/ogloszenia-parafialne-24-03-2019\/","title":{"rendered":"Og\u0142oszenia parafialne 24-03-2019"},"content":{"rendered":"<h2 style=\"text-align: center;\"><strong><span style=\"color: rgb(0, 0, 128);\">III Niedziela Wielkiego Postu &#8211; 24-03-2019<\/span><\/strong><\/h2>\n<h2 style=\"text-align: center;\"><strong><span style=\"color: rgb(0, 0, 128);\">Og\u0142oszenia<br \/>\n\t<\/span><\/strong><\/h2>\n<ol>\n<li>Dzi\u015b o godz. 15:00 Gorzkie \u017bale, nast\u0119pnie Msza \u015bw.<\/li>\n<li>W poniedzia\u0142ek Uroczysto\u015b\u0107 Zwiastowania Pa\u0144skiego &ndash; Dzie\u0144 \u015awi\u0119to\u015bci \u017bycia. W tym dniu m&oacute;dlmy si\u0119 o poszanowanie ludzkiego \u017cycia od chwili pocz\u0119cia a\u017c do naturalnej \u015bmierci. W naszej parafii Uroczysto\u015b\u0107 Odpustowa. Msze \u015bw. o godz. 8:00, suma odpustowa o 10:30 i 17:00. W tym dniu tak\u017ce spowied\u017a Wielkopostna od godz. 9:00 do 10:30. Po po\u0142udniu spowied\u017a od 15:00 do 17:00 , z przerw\u0105 p&oacute;\u0142godzinn\u0105 od 16:00 do 16:30.<\/li>\n<li>We czwartek o godz. 16:00 adoracja Naj\u015bwi\u0119tszego Sakramentu. <\/li>\n<li>W pi\u0105tek godz. 16:30 R&oacute;\u017caniec, Droga Krzy\u017cowa i Msza \u015bw. Druga Droga Krzy\u017cowa o godz. 19:00.<\/li>\n<li>B&oacute;g zap\u0142a\u0107 osobom sprz\u0105taj\u0105cym i stroj\u0105cym ko\u015bci&oacute;\u0142 w tym tygodniu oraz sk\u0142adaj\u0105cym ofiary na ogrzewanie ko\u015bcio\u0142a i inwestycje w parafii..<\/li>\n<\/ol>\n<h3 style=\"text-align: center;\"><strong><span style=\"color: rgb(0, 0, 128);\">Intencje mszalne<\/span><\/strong><\/h3>\n<h4 style=\"text-align: center;\"><strong><span style=\"color: rgb(0, 0, 128);\">od 25 marca 2019 do 31 marca 2019<\/span><\/strong><\/h4>\n<h4><strong><br \/>\n\tGdyby zbyt d\u0142ugi czas nie by\u0142a og\u0142oszona zam&oacute;wiona intencja mszalna &ndash; prosimy o zg\u0142oszenie tego kap\u0142anowi.&nbsp; Zam&oacute;wiona intencja nie mo\u017ce zgin\u0105\u0107.<br \/>\n\t<\/strong><\/h4>\n<p><u><strong>Poniedzia\u0142ek &#8211; 25.3.<\/strong><\/u><br \/>\n\t8:00 1.+ Janina Golenia;<br \/>\n\t&nbsp;&nbsp;&nbsp;&nbsp; 2. ++Maria, Jan Cebulak<br \/>\n\t10:30 1. W intencji parafian <br \/>\n\t&nbsp;&nbsp;&nbsp;&nbsp;&nbsp; 2. Jakub Rupar <br \/>\n\t&nbsp;&nbsp;&nbsp;&nbsp;&nbsp; 3. + Stanis\u0142aw Gamracy od Waldemara Aab z rodz. <br \/>\n\t17:00 + Zbigniew Szular (greg.)<\/p>\n<p><u><strong>Wtorek &#8211; 26.3.<\/strong><\/u><br \/>\n\t1. + Zbigniew Szular (greg.) <br \/>\n\t2. + z r. Blok&oacute;w i \u017bak&oacute;w<br \/>\n\t3. + Michalina Stafiej (26)<\/p>\n<p><u><strong>\u015aroda &#8211; 27.3.<\/strong><\/u><br \/>\n\t1. + Zbigniew Szular (greg.)<br \/>\n\t2. + W\u0142adys\u0142awa Machniak od r. Rupar&oacute;w <br \/>\n\t3. + Franciszek Kojder od r. Paluch-Mruga\u0142a <\/p>\n<p><u><strong>Czwartek &#8211; 28.3<\/strong><\/u><br \/>\n\t1. + Zbigniew Szular (greg.)<br \/>\n\t2. + Magdalena i Stanis\u0142aw Sanok<br \/>\n\t3. ++ Genowefa, Stanis\u0142aw Pelc; Maria, W\u0142adys\u0142aw Wojtas<\/p>\n<p>\t<u><strong>Pi\u0105tek &#8211; 29.3<\/strong><\/u><br \/>\n\t1. + Zbigniew Szular (greg.) <br \/>\n\t2. ++ Stanis\u0142awa i Franciszek \u015awizdor <br \/>\n\t3. + J&oacute;zef Socha od r. Wikier&oacute;w<\/p>\n<p><u><strong>Sobota &#8211; 30.3.<\/strong><\/u><br \/>\n\t1. + Zbigniew Szular (greg.) <br \/>\n\t2. + Stanis\u0142aw Cebulak od Zarz\u0105du Sp&oacute;\u0142. Wierzawice<br \/>\n\t3. + Ludwik Bartnik od chrzesniaka<\/p>\n<p><u><strong>Niedziela &#8211; 31.3.<\/strong><\/u><br \/>\n\t6:30 ++ Weronika, Stanis\u0142aw, Jan Chmura<br \/>\n\t8:00 ++ J&oacute;zef, W\u0142adys\u0142awa Kurek, Maria Golenia <br \/>\n\t10:30 W int. parafian <br \/>\n\t15:00 ++ Katarzyna, Jan Ko\u0144 <\/p>\n<h3 style=\"text-align: center;\"><strong><strong><span style=\"color: rgb(0, 0, 128);\">Modlitw\u0119 r&oacute;\u017ca\u0144cow\u0105 prowadz\u0105<br \/>\n\t<\/span><\/strong><\/strong><\/h3>\n<p>25.P.R. \u015aw. Cecylii- (Krystyna Markowicz)<br \/>\n\t26.W. R. \u015aw. El\u017cbiety &#8211; (Alina Trojnar)<br \/>\n\t27.\u015a.R. \u015aw. Faustyny &#8211; (Eugenia \u015awizdor)<br \/>\n\t28.C.R. \u015aw. Genowefy &#8211; (Genowefa Dr\u0105\u017cek)<br \/>\n\t29.P.R. KSM <br \/>\n\t30.S.R. BMS<br \/>\n\t31.N. R. \u015aw. Heleny &#8211; (Helena Dyrda)<\/p>\n<p>\t<strong>Wyznaczona R&oacute;\u017ca powinna czu\u0107 si\u0119 zobowi\u0105zana do obecno\u015bci i prowadzenia modlitwy r&oacute;\u017ca\u0144cowej.<\/strong><\/p>\n","protected":false},"excerpt":{"rendered":"<p>III Niedziela Wielkiego Postu &#8211; 24-03-2019 Og\u0142oszenia Dzi\u015b o godz. 15:00 Gorzkie \u017bale, nast\u0119pnie Msza \u015bw. W poniedzia\u0142ek Uroczysto\u015b\u0107 Zwiastowania Pa\u0144skiego &ndash; Dzie\u0144 \u015awi\u0119to\u015bci \u017bycia. W tym dniu m&oacute;dlmy si\u0119 &hellip; <a href=\"https:\/\/budy.przemyska.pl\/index.php\/2019\/03\/24\/ogloszenia-parafialne-24-03-2019\/\" class=\"more-link\">Czytaj dalej <span class=\"screen-reader-text\">Og\u0142oszenia parafialne 24-03-2019<\/span> <span class=\"meta-nav\">&rarr;<\/span><\/a><\/p>\n","protected":false},"author":1,"featured_media":0,"comment_status":"closed","ping_status":"closed","sticky":false,"template":"","format":"standard","meta":{"footnotes":""},"categories":[6,4],"tags":[],"class_list":["post-2678","post","type-post","status-publish","format-standard","hentry","category-aktualnosci","category-ogloszenia"],"_links":{"self":[{"href":"https:\/\/budy.przemyska.pl\/index.php\/wp-json\/wp\/v2\/posts\/2678","targetHints":{"allow":["GET"]}}],"collection":[{"href":"https:\/\/budy.przemyska.pl\/index.php\/wp-json\/wp\/v2\/posts"}],"about":[{"href":"https:\/\/budy.przemyska.pl\/index.php\/wp-json\/wp\/v2\/types\/post"}],"author":[{"embeddable":true,"href":"https:\/\/budy.przemyska.pl\/index.php\/wp-json\/wp\/v2\/users\/1"}],"replies":[{"embeddable":true,"href":"https:\/\/budy.przemyska.pl\/index.php\/wp-json\/wp\/v2\/comments?post=2678"}],"version-history":[{"count":0,"href":"https:\/\/budy.przemyska.pl\/index.php\/wp-json\/wp\/v2\/posts\/2678\/revisions"}],"wp:attachment":[{"href":"https:\/\/budy.przemyska.pl\/index.php\/wp-json\/wp\/v2\/media?parent=2678"}],"wp:term":[{"taxonomy":"category","embeddable":true,"href":"https:\/\/budy.przemyska.pl\/index.php\/wp-json\/wp\/v2\/categories?post=2678"},{"taxonomy":"post_tag","embeddable":true,"href":"https:\/\/budy.przemyska.pl\/index.php\/wp-json\/wp\/v2\/tags?post=2678"}],"curies":[{"name":"wp","href":"https:\/\/api.w.org\/{rel}","templated":true}]}}