{"id":2676,"date":"2019-03-17T08:50:40","date_gmt":"2019-03-17T07:50:40","guid":{"rendered":"http:\/\/www.budylancuckie.przemyska.pl\/?p=2676"},"modified":"2019-03-17T08:50:40","modified_gmt":"2019-03-17T07:50:40","slug":"droga-krzyzowa-prowadzona-przez-mlodziez-naszej-parafii-w-dniu-15-maca","status":"publish","type":"post","link":"https:\/\/budy.przemyska.pl\/index.php\/2019\/03\/17\/droga-krzyzowa-prowadzona-przez-mlodziez-naszej-parafii-w-dniu-15-maca\/","title":{"rendered":"Droga Krzy\u017cowa prowadzona przez m\u0142odzie\u017c naszej parafii w dniu 15 maca"},"content":{"rendered":"<div class=\"fb-post\" data-href=\"https:\/\/www.facebook.com\/parafiabudy\/posts\/1417435378393140\" data-show-text=\"true\" data-width=\"600\">\n<blockquote cite=\"https:\/\/developers.facebook.com\/parafiabudy\/posts\/1417435378393140\" class=\"fb-xfbml-parse-ignore\">\n<p>Migawki z Drogi Krzy\u017cowej prowadzonej w ostatni pi\u0105tek o godzinie 19 przez m\u0142odzie\u017c z naszej parafii. Droga mia\u0142a&#8230;<\/p>\n<p>\t\tOpublikowany przez <a href=\"https:\/\/www.facebook.com\/parafiabudy\/\">Parafia pw. Niepokalanego Serca NMP w Budach \u0141a\u0144cuckich<\/a>&nbsp;<a href=\"https:\/\/developers.facebook.com\/parafiabudy\/posts\/1417435378393140\">Niedziela, 17 marca 2019<\/a><\/p><\/blockquote>\n<\/div>\n","protected":false},"excerpt":{"rendered":"<p>Migawki z Drogi Krzy\u017cowej prowadzonej w ostatni pi\u0105tek o godzinie 19 przez m\u0142odzie\u017c z naszej parafii. Droga mia\u0142a&#8230; Opublikowany przez Parafia pw. Niepokalanego Serca NMP w Budach \u0141a\u0144cuckich&nbsp;Niedziela, 17 marca &hellip; <a href=\"https:\/\/budy.przemyska.pl\/index.php\/2019\/03\/17\/droga-krzyzowa-prowadzona-przez-mlodziez-naszej-parafii-w-dniu-15-maca\/\" class=\"more-link\">Czytaj dalej <span class=\"screen-reader-text\">Droga Krzy\u017cowa prowadzona przez m\u0142odzie\u017c naszej parafii w dniu 15 maca<\/span> <span class=\"meta-nav\">&rarr;<\/span><\/a><\/p>\n","protected":false},"author":1,"featured_media":0,"comment_status":"closed","ping_status":"closed","sticky":false,"template":"","format":"standard","meta":{"footnotes":""},"categories":[6],"tags":[],"class_list":["post-2676","post","type-post","status-publish","format-standard","hentry","category-aktualnosci"],"_links":{"self":[{"href":"https:\/\/budy.przemyska.pl\/index.php\/wp-json\/wp\/v2\/posts\/2676","targetHints":{"allow":["GET"]}}],"collection":[{"href":"https:\/\/budy.przemyska.pl\/index.php\/wp-json\/wp\/v2\/posts"}],"about":[{"href":"https:\/\/budy.przemyska.pl\/index.php\/wp-json\/wp\/v2\/types\/post"}],"author":[{"embeddable":true,"href":"https:\/\/budy.przemyska.pl\/index.php\/wp-json\/wp\/v2\/users\/1"}],"replies":[{"embeddable":true,"href":"https:\/\/budy.przemyska.pl\/index.php\/wp-json\/wp\/v2\/comments?post=2676"}],"version-history":[{"count":0,"href":"https:\/\/budy.przemyska.pl\/index.php\/wp-json\/wp\/v2\/posts\/2676\/revisions"}],"wp:attachment":[{"href":"https:\/\/budy.przemyska.pl\/index.php\/wp-json\/wp\/v2\/media?parent=2676"}],"wp:term":[{"taxonomy":"category","embeddable":true,"href":"https:\/\/budy.przemyska.pl\/index.php\/wp-json\/wp\/v2\/categories?post=2676"},{"taxonomy":"post_tag","embeddable":true,"href":"https:\/\/budy.przemyska.pl\/index.php\/wp-json\/wp\/v2\/tags?post=2676"}],"curies":[{"name":"wp","href":"https:\/\/api.w.org\/{rel}","templated":true}]}}