{"id":2674,"date":"2019-03-17T08:41:15","date_gmt":"2019-03-17T07:41:15","guid":{"rendered":"http:\/\/www.budylancuckie.przemyska.pl\/?p=2674"},"modified":"2019-03-17T08:41:15","modified_gmt":"2019-03-17T07:41:15","slug":"ogloszenia-parafialne-17-03-2019","status":"publish","type":"post","link":"https:\/\/budy.przemyska.pl\/index.php\/2019\/03\/17\/ogloszenia-parafialne-17-03-2019\/","title":{"rendered":"Og\u0142oszenia parafialne 17-03-2019"},"content":{"rendered":"<h2 style=\"text-align: center;\"><strong><span style=\"color: rgb(0, 0, 128);\">II Niedziela Wielkiego Postu &#8211; 17-03-2019<\/span><\/strong><\/h2>\n<h2 style=\"text-align: center;\"><strong><span style=\"color: rgb(0, 0, 128);\">Og\u0142oszenia<br \/>\n\t<\/span><\/strong><\/h2>\n<ol>\n<li>Dzi\u015b o godz. 15:00 Gorzkie \u017bale i Msza \u015bw.<\/li>\n<li>We wtorek uroczysto\u015b\u0107 \u015bw. J&oacute;zefa Oblubie\u0144ca NMP. To dzie\u0144 szczeg&oacute;lnej modlitwy za ojc&oacute;w. W naszym dekanacie odpust w Zmys\u0142&oacute;wce.<\/li>\n<li>W czwartek o godz. 16:00 adoracja Naj\u015bwi\u0119tszego Sakramentu. <\/li>\n<li>W pi\u0105tek o godz. 16:30 r&oacute;\u017caniec, Droga Krzy\u017cowa i Msza \u015bw., kt&oacute;r\u0105 rozpoczniemy Rekolekcje Wielkopostne w naszej parafii. Druga Droga Krzy\u017cowa o godz. 19:00. Program rekolekcji zamieszczony jest w naszej gazetce parafialnej.<\/li>\n<li>B&oacute;g zap\u0142a\u0107 osobom sprz\u0105taj\u0105cym i stroj\u0105cym ko\u015bci&oacute;\u0142 w tym tygodniu oraz zaofiary na ogrzewanie ko\u015bcio\u0142a.<\/li>\n<\/ol>\n<h3 style=\"text-align: center;\"><strong><span style=\"color: rgb(0, 0, 128);\">Intencje mszalne<\/span><\/strong><\/h3>\n<h4 style=\"text-align: center;\"><strong><span style=\"color: rgb(0, 0, 128);\">od 18 marca 2019 do 24 marca 2019<\/span><\/strong><\/h4>\n<h4><strong><br \/>\n\tGdyby zbyt d\u0142ugi czas nie by\u0142a og\u0142oszona zam&oacute;wiona intencja mszalna &ndash; prosimy o zg\u0142oszenie tego kap\u0142anowi.&nbsp; Zam&oacute;wiona intencja nie mo\u017ce zgin\u0105\u0107.<br \/>\n\t<\/strong><\/h4>\n<p><u><strong>Poniedzia\u0142ek &#8211; 18.3.<\/strong><\/u><br \/>\n\t1. + Zbigniew Szular (greg.)<br \/>\n\t2. + Stanis\u0142aw W\u0119grzyn <br \/>\n\t3. ++ Anna i Franciszek Kojder <\/p>\n<p><u><strong>Wtorek &#8211; 19.3.<\/strong><\/u><br \/>\n\t1. + Zbigniew Szular (greg.)<br \/>\n\t2. ++ Bronis\u0142awa i J&oacute;zef Rupar <br \/>\n\t3. ++ J&oacute;zef Socha od r. Kurk&oacute;w<\/p>\n<p><u><strong>\u015aroda &#8211; 20.3.<\/strong><\/u><br \/>\n\t1. + Zbigniew Szular (greg.) <br \/>\n\t2. ++ Bronis\u0142aw Marek i zm. z rodziny<br \/>\n\t3. ++ Agata, Krystyna, Zbigniew, Andrzej Kie\u0142b <\/p>\n<p><u><strong>Czwartek &#8211; 21.3<\/strong><\/u><br \/>\n\t1. + Zbigniew Szular (greg.) <br \/>\n\t2. + Agata, Jan Tadeusz, Emil Mach<br \/>\n\t3. + Janina, Stanis\u0142aw Wacnik <\/p>\n<p>\t<u><strong>Pi\u0105tek &#8211; 22.3<\/strong><\/u><br \/>\n\t1. + Zbigniew Szular (greg.) <br \/>\n\t2. ++ Zofia i Franciszek Dyrda <br \/>\n\t3. + Cecylia Miara z r. \u015bw. Cecylii<br \/>\n\t4. + Stanis\u0142awa Kita od wnuka Damiana z rodz.<\/p>\n<p><u><strong>Sobota &#8211; 23.3.<\/strong><\/u><br \/>\n\t1. + Zbigniew Szular (greg.) <br \/>\n\t2. ++ Paulina, Franciszek Bosak, zm. z rodz. i dusze w czy\u015b\u0107cu cierp. <br \/>\n\t3. ++ Maria, Franciszek Cebulak, s. Czes\u0142awa<br \/>\n\t4. ++ J&oacute;zef, Stanis\u0142awa Blok i ich rodzice<\/p>\n<p><u><strong>Niedziela &#8211; 24.3.<\/strong><\/u><br \/>\n\t6:30 + Jan Kurek od szwagra z rodz.<br \/>\n\t8:00 1. Dzi\u0119kcz. i o b\u0142og. B. w 18 r. urodzin Pauliny<br \/>\n\t&nbsp; &nbsp;&nbsp; &nbsp;&nbsp;&nbsp; 2. O b\u0142og. B. i opiek\u0119 MN dla Bartosza, rodziny i rodz.<br \/>\n\t10:30 W int. parafian<br \/>\n\t15:00 + Zbigniew Szular (greg.)<\/p>\n<p><u><strong>Poniedzia\u0142ek &#8211; 25.3.<\/strong><\/u><br \/>\n\t8:00 + Janina Golenia <br \/>\n\t10:30 1. W intencji parafian <br \/>\n\t&nbsp;&nbsp;&nbsp;&nbsp;&nbsp; 2. + Maria, Jan Cebulak<br \/>\n\t&nbsp;&nbsp;&nbsp; &nbsp; 3. + Stanis\u0142aw Gamracy od Waldemara Aab z rodz.<br \/>\n\t17:00 + Zbigniew Szular (greg.)<\/p>\n<p>&nbsp;<\/p>\n<p>&nbsp;<\/p>\n<p>&nbsp;<\/p>\n<p>&nbsp;<\/p>\n<h3 style=\"text-align: center;\"><strong><strong><span style=\"color: rgb(0, 0, 128);\">Modlitw\u0119 r&oacute;\u017ca\u0144cow\u0105 prowadz\u0105<br \/>\n\t<\/span><\/strong><\/strong><\/h3>\n<p>18.P.R. Akcja Katolicka<br \/>\n\t19.W. R. \u015aw. Zofii &#8211; (Zofia Kurek)<br \/>\n\t20.\u015a.R. \u015aw. Agaty &#8211; (Patrycja Por\u0119bna)<br \/>\n\t21.C.R. \u015aw. Agnieszki &#8211; (Krystyna Nykiel)<br \/>\n\t22.P.R. KSM <br \/>\n\t23.S.R. \u015aw. Andrzeja Aposto\u0142a &#8211; (J&oacute;zef M\u0105dry)<br \/>\n\t24.N.R. \u015aw. Anny &#8211; (Karolina Benedyk)<br \/>\n\t25.P.R. \u015aw. Cecylii- (Krystyna Markowicz)<\/p>\n<p>\t<strong>Wyznaczona R&oacute;\u017ca powinna czu\u0107 si\u0119 zobowi\u0105zana do obecno\u015bci i prowadzenia modlitwy r&oacute;\u017ca\u0144cowej.<\/strong><\/p>\n","protected":false},"excerpt":{"rendered":"<p>II Niedziela Wielkiego Postu &#8211; 17-03-2019 Og\u0142oszenia Dzi\u015b o godz. 15:00 Gorzkie \u017bale i Msza \u015bw. We wtorek uroczysto\u015b\u0107 \u015bw. J&oacute;zefa Oblubie\u0144ca NMP. To dzie\u0144 szczeg&oacute;lnej modlitwy za ojc&oacute;w. W &hellip; <a href=\"https:\/\/budy.przemyska.pl\/index.php\/2019\/03\/17\/ogloszenia-parafialne-17-03-2019\/\" class=\"more-link\">Czytaj dalej <span class=\"screen-reader-text\">Og\u0142oszenia parafialne 17-03-2019<\/span> <span class=\"meta-nav\">&rarr;<\/span><\/a><\/p>\n","protected":false},"author":1,"featured_media":0,"comment_status":"closed","ping_status":"closed","sticky":false,"template":"","format":"standard","meta":{"footnotes":""},"categories":[6,4],"tags":[],"class_list":["post-2674","post","type-post","status-publish","format-standard","hentry","category-aktualnosci","category-ogloszenia"],"_links":{"self":[{"href":"https:\/\/budy.przemyska.pl\/index.php\/wp-json\/wp\/v2\/posts\/2674","targetHints":{"allow":["GET"]}}],"collection":[{"href":"https:\/\/budy.przemyska.pl\/index.php\/wp-json\/wp\/v2\/posts"}],"about":[{"href":"https:\/\/budy.przemyska.pl\/index.php\/wp-json\/wp\/v2\/types\/post"}],"author":[{"embeddable":true,"href":"https:\/\/budy.przemyska.pl\/index.php\/wp-json\/wp\/v2\/users\/1"}],"replies":[{"embeddable":true,"href":"https:\/\/budy.przemyska.pl\/index.php\/wp-json\/wp\/v2\/comments?post=2674"}],"version-history":[{"count":0,"href":"https:\/\/budy.przemyska.pl\/index.php\/wp-json\/wp\/v2\/posts\/2674\/revisions"}],"wp:attachment":[{"href":"https:\/\/budy.przemyska.pl\/index.php\/wp-json\/wp\/v2\/media?parent=2674"}],"wp:term":[{"taxonomy":"category","embeddable":true,"href":"https:\/\/budy.przemyska.pl\/index.php\/wp-json\/wp\/v2\/categories?post=2674"},{"taxonomy":"post_tag","embeddable":true,"href":"https:\/\/budy.przemyska.pl\/index.php\/wp-json\/wp\/v2\/tags?post=2674"}],"curies":[{"name":"wp","href":"https:\/\/api.w.org\/{rel}","templated":true}]}}