{"id":2671,"date":"2019-03-10T08:18:51","date_gmt":"2019-03-10T07:18:51","guid":{"rendered":"http:\/\/www.budylancuckie.przemyska.pl\/?p=2671"},"modified":"2019-03-10T08:18:51","modified_gmt":"2019-03-10T07:18:51","slug":"ogloszenia-parafialne-10-03-2019","status":"publish","type":"post","link":"https:\/\/budy.przemyska.pl\/index.php\/2019\/03\/10\/ogloszenia-parafialne-10-03-2019\/","title":{"rendered":"Og\u0142oszenia parafialne 10-03-2019"},"content":{"rendered":"<h2 style=\"text-align: center;\"><strong><span style=\"color: rgb(0, 0, 128);\">I Niedziela Wielkiego Postu &#8211; 10-03-2019<\/span><\/strong><\/h2>\n<h2 style=\"text-align: center;\"><strong><span style=\"color: rgb(0, 0, 128);\">Og\u0142oszenia<br \/>\n\t<\/span><\/strong><\/h2>\n<ol>\n<li>Dzi\u015b o godz. 15:00 Gorzkie \u017bale, nast\u0119pnie Msza \u015bw. <\/li>\n<li>We czwartek o godz. 16:00 adoracja Naj\u015bwi\u0119tszego Sakramentu. Po Mszy \u015bw. spotkanie Akcji Katolickiej.<\/li>\n<li>W pi\u0105tek o godz. 16:30 R&oacute;\u017caniec, Droga Krzy\u017cowa i Msza \u015bw. Podczas tej Mszy \u015bw. dzieci z klas III otrzymaj\u0105 ksi\u0105\u017ceczki do nabo\u017ce\u0144stwa. Druga Droga Krzy\u017cowa o godz. 1900 W pi\u0105tek b\u0119d\u0105 zbierane ofiary na kwiaty do Bo\u017cego Grobu.<\/li>\n<li>Za tydzie\u0144 III niedziela miesi\u0105ca, w naszej parafii niedziela inwestycyjna.<\/li>\n<li>Nasze parafialne Rekolekcje Wielkopostne b\u0119dziemy prze\u017cywa\u0107 w dniach: od 22 do 25 marca, a zatem w okresie bezpo\u015brednio poprzedzaj\u0105cym nasz Odpust parafialny Uroczysto\u015bci Zwiastowania NMP. Rekolekcje b\u0119dzie g\u0142osi\u0142 ks. Dariusz Dziadosz &ndash; by\u0142y d\u0142ugoletni Rektor WSD w Przemy\u015blu.<\/li>\n<li>Serdeczne B&oacute;g zap\u0142a\u0107 za ofiary sk\u0142adane na ogrzewanie ko\u015bcio\u0142a.<\/li>\n<li>B&oacute;g zap\u0142a\u0107 osobom sprz\u0105taj\u0105cym i stroj\u0105cym ko\u015bci&oacute;\u0142 w tym tygodniu.<\/li>\n<\/ol>\n<h3 style=\"text-align: center;\"><strong><span style=\"color: rgb(0, 0, 128);\">Intencje mszalne<\/span><\/strong><\/h3>\n<h4 style=\"text-align: center;\"><strong><span style=\"color: rgb(0, 0, 128);\">od 11 marca 2019 do 17 marca 2019<\/span><\/strong><\/h4>\n<h4><strong><br \/>\n\tGdyby zbyt d\u0142ugi czas nie by\u0142a og\u0142oszona zam&oacute;wiona intencja mszalna &ndash; prosimy o zg\u0142oszenie tego kap\u0142anowi.&nbsp; Zam&oacute;wiona intencja nie mo\u017ce zgin\u0105\u0107.<br \/>\n\t<\/strong><\/h4>\n<p><u><strong>Poniedzia\u0142ek &#8211; 11.3.<\/strong><\/u><br \/>\n\t1. + Zbigniew Szular (greg.) <br \/>\n\t2. ++ Zofia, Stanis\u0142aw Bartnik <br \/>\n\t3. ++ Antonina, Jan, Eugeniusz <\/p>\n<p><u><strong>Wtorek &#8211; 12.3.<\/strong><\/u><br \/>\n\t1. + Zbigniew Szular (greg.)<br \/>\n\t2. ++ z r. Tomaszewskich<br \/>\n\t3. ++ Tadeusz, W\u0142adys\u0142awa, Florian Blok i z r. Baran<\/p>\n<p><u><strong>\u015aroda &#8211; 13.3.<\/strong><\/u><br \/>\n\t1. + Zbigniew Szular (greg.)<br \/>\n\t2. ++ Joanna, Stanis\u0142aw Dr\u0105\u017cek i zm. z rodz. <br \/>\n\t3. + Maria Kojder od r. Kubis&oacute;w <\/p>\n<p><u><strong>Czwartek &#8211; 14.3<\/strong><\/u><br \/>\n\t1. + Zbigniew Szular (greg.)<br \/>\n\t2. + J&oacute;zef Socha od s. Henryka z rodz.<br \/>\n\t3. + intencja wiadoma <\/p>\n<p>\t<u><strong>Pi\u0105tek &#8211; 15.3<\/strong><\/u><br \/>\n\t1. + Zbigniew Szular (greg.) <br \/>\n\t2. + Jan Kurek od chrze\u015bnicy Pauliny<br \/>\n\t3. + Marcin Rupar od s\u0105siadki Justyny<\/p>\n<p><u><strong>Sobota &#8211; 16.3.<\/strong><\/u><br \/>\n\t1. + Zbigniew Szular (greg.) <br \/>\n\t2. ++ El\u017cbieta, Maria, Franciszek Babiarz <br \/>\n\t3. + Jan Bartnik <\/p>\n<p><u><strong>Niedziela &#8211; 17.3.<\/strong><\/u><br \/>\n\t6:30 ++ Stanis\u0142awa, Feliks Moli\u0144zcy, Maria i Tomasz Kojder <br \/>\n\t8:00 O zdr. i b\u0142og. B. w 85 r. urodzin <br \/>\n\t10:30 W int. Parafian<br \/>\n\t15:00 + Zbigniew Szular (greg.)<br \/>\n\t&nbsp;<\/p>\n<h3 style=\"text-align: center;\"><strong><strong><span style=\"color: rgb(0, 0, 128);\">Modlitw\u0119 r&oacute;\u017ca\u0144cow\u0105 prowadz\u0105<br \/>\n\t<\/span><\/strong><\/strong><\/h3>\n<p>11.P.R. Matki Bo\u017cej R&oacute;\u017ca\u0144cowej &#8211; (Zofia \u015awizdor)<br \/>\n\t12.W. R. Matki Bo\u017cej Szkaplerznej- (M. K\u0142os)<br \/>\n\t13.\u015a.R. \u015aw. Stanis\u0142awa biskupa &#8211; (Franciszek Bartnik)<br \/>\n\t14.C.R. \u015aw. Teresy od Dzieci\u0105tka Jezus &#8211; (Dorota Dzierga)<br \/>\n\t15.P. R. KSM <br \/>\n\t16.S. R. \u015aw. Teresy Wielkiej &#8211; (Zofia Wierzbicka)<br \/>\n\t17.N. R. \u015aw. Tomasza Aposto\u0142a &#8211; (Stanis\u0142aw \u015alimak)<\/p>\n<p>\t<strong>Wyznaczona R&oacute;\u017ca powinna czu\u0107 si\u0119 zobowi\u0105zana do obecno\u015bci i prowadzenia modlitwy r&oacute;\u017ca\u0144cowej.<\/strong><\/p>\n","protected":false},"excerpt":{"rendered":"<p>I Niedziela Wielkiego Postu &#8211; 10-03-2019 Og\u0142oszenia Dzi\u015b o godz. 15:00 Gorzkie \u017bale, nast\u0119pnie Msza \u015bw. We czwartek o godz. 16:00 adoracja Naj\u015bwi\u0119tszego Sakramentu. Po Mszy \u015bw. spotkanie Akcji Katolickiej. &hellip; <a href=\"https:\/\/budy.przemyska.pl\/index.php\/2019\/03\/10\/ogloszenia-parafialne-10-03-2019\/\" class=\"more-link\">Czytaj dalej <span class=\"screen-reader-text\">Og\u0142oszenia parafialne 10-03-2019<\/span> <span class=\"meta-nav\">&rarr;<\/span><\/a><\/p>\n","protected":false},"author":1,"featured_media":0,"comment_status":"closed","ping_status":"closed","sticky":false,"template":"","format":"standard","meta":{"footnotes":""},"categories":[6,4],"tags":[],"class_list":["post-2671","post","type-post","status-publish","format-standard","hentry","category-aktualnosci","category-ogloszenia"],"_links":{"self":[{"href":"https:\/\/budy.przemyska.pl\/index.php\/wp-json\/wp\/v2\/posts\/2671","targetHints":{"allow":["GET"]}}],"collection":[{"href":"https:\/\/budy.przemyska.pl\/index.php\/wp-json\/wp\/v2\/posts"}],"about":[{"href":"https:\/\/budy.przemyska.pl\/index.php\/wp-json\/wp\/v2\/types\/post"}],"author":[{"embeddable":true,"href":"https:\/\/budy.przemyska.pl\/index.php\/wp-json\/wp\/v2\/users\/1"}],"replies":[{"embeddable":true,"href":"https:\/\/budy.przemyska.pl\/index.php\/wp-json\/wp\/v2\/comments?post=2671"}],"version-history":[{"count":0,"href":"https:\/\/budy.przemyska.pl\/index.php\/wp-json\/wp\/v2\/posts\/2671\/revisions"}],"wp:attachment":[{"href":"https:\/\/budy.przemyska.pl\/index.php\/wp-json\/wp\/v2\/media?parent=2671"}],"wp:term":[{"taxonomy":"category","embeddable":true,"href":"https:\/\/budy.przemyska.pl\/index.php\/wp-json\/wp\/v2\/categories?post=2671"},{"taxonomy":"post_tag","embeddable":true,"href":"https:\/\/budy.przemyska.pl\/index.php\/wp-json\/wp\/v2\/tags?post=2671"}],"curies":[{"name":"wp","href":"https:\/\/api.w.org\/{rel}","templated":true}]}}