{"id":2663,"date":"2019-02-24T20:46:37","date_gmt":"2019-02-24T19:46:37","guid":{"rendered":"http:\/\/www.budylancuckie.przemyska.pl\/?p=2663"},"modified":"2019-02-24T20:46:37","modified_gmt":"2019-02-24T19:46:37","slug":"ogloszenia-parafialne-24-02-2019","status":"publish","type":"post","link":"https:\/\/budy.przemyska.pl\/index.php\/2019\/02\/24\/ogloszenia-parafialne-24-02-2019\/","title":{"rendered":"Og\u0142oszenia parafialne 24-02-2019"},"content":{"rendered":"<h2 style=\"text-align: center;\"><strong><span style=\"color: rgb(0, 0, 128);\">VII Niedziela zwyk\u0142a &#8211; 24-02-2019<\/span><\/strong><\/h2>\n<h2 style=\"text-align: center;\"><strong><span style=\"color: rgb(0, 0, 128);\">Og\u0142oszenia<br \/>\n\t<\/span><\/strong><\/h2>\n<ol>\n<li>Dzi\u015b o godz. 15:00 nabo\u017ce\u0144stwo do Mi\u0142osierdzia Bo\u017cego i Msza \u015bw.<\/li>\n<li>W tym tygodniu przypada I pi\u0105tek i I sobota miesi\u0105ca. Spowied\u017a codziennie przed Msz\u0105 \u015bw.<\/li>\n<li>We wtorek Msz\u0105 \u015bw. rozpocznie si\u0119 spotkanie kandydat&oacute;w do bierzmowania z klas VI ,VII i VIII.<\/li>\n<li>W czwartek o godz. 16:00 adoracja Naj\u015bwi\u0119tszego Sakramentu. <\/li>\n<li>W pi\u0105tek, po Mszy \u015bw. rannej, Komunia \u015bw. chorych w domach. Komuni\u0119 \u015bw. w tym dniu, ofiarujemy na wynagrodzenie Naj\u015bwi\u0119tszemu Sercu Pana Jezusa.<\/li>\n<li>W sobot\u0119 czcimy Niepokalane Serce NMP. O godz. 16:30 Msza \u015bw. r&oacute;\u017caniec i procesja po kt&oacute;rej figura Matki Bo\u017cej zostanie przeniesiona do Kaplicy. Po nabo\u017ce\u0144stwie zmiana tajemnic r&oacute;\u017ca\u0144cowych.<\/li>\n<li>B&oacute;g zap\u0142a\u0107 osobom sprz\u0105taj\u0105cym i stroj\u0105cym ko\u015bci&oacute;\u0142 w tym tygodniu oraz za ofiary na now\u0105 posadzk\u0119 w ko\u015bciele, a tak\u017ce na ogrzewanie ko\u015bcio\u0142a.<\/li>\n<\/ol>\n<h3 style=\"text-align: center;\"><strong><span style=\"color: rgb(0, 0, 128);\">Intencje mszalne<\/span><\/strong><\/h3>\n<h4 style=\"text-align: center;\"><strong><span style=\"color: rgb(0, 0, 128);\">od 25 lutego 2019 do 3 marca 2019<\/span><\/strong><\/h4>\n<h4><strong><br \/>\n\tGdyby zbyt d\u0142ugi czas nie by\u0142a og\u0142oszona zam&oacute;wiona intencja mszalna &ndash; prosimy o zg\u0142oszenie tego kap\u0142anowi.&nbsp; Zam&oacute;wiona intencja nie mo\u017ce zgin\u0105\u0107.<br \/>\n\t<\/strong><\/h4>\n<p><u><strong>Poniedzia\u0142ek &#8211; 25.2.<\/strong><\/u><br \/>\n\t1. + Katarzyna Kulpa ( greg.) <br \/>\n\t2. + Stanis\u0142awa Machniak od c&oacute;rki <br \/>\n\t3. O zdrowie W\u0142adys\u0142awy <\/p>\n<p><u><strong>Wtorek &#8211; 26.2.<\/strong><\/u><br \/>\n\t1. + Katarzyna Kulpa ( greg.) <br \/>\n\t2. + Ks. J&oacute;zef Czech, rodzice i rodze\u0144stwo<br \/>\n\t3. ++ Joanna i Stanis\u0142aw Dr\u0105\u017cek<\/p>\n<p><u><strong>\u015aroda &#8211; 27.2.<\/strong><\/u><br \/>\n\t1. + Katarzyna Kulpa ( greg.) <br \/>\n\t2. ++ Agata i Micha\u0142 Kurek <br \/>\n\t3. + Stanis\u0142aw Cebulak od \u017cony<\/p>\n<p><u><strong>Czwartek &#8211; 28.2<\/strong><\/u><br \/>\n\t1. + Katarzyna Kulpa ( greg.) <br \/>\n\t2. + Ks. Jan Cebulak, rodzice, rodze\u0144stwo <br \/>\n\t3. + Cecylia Miara od swatowej z Grodziska. <\/p>\n<p>\t<u><strong>Pi\u0105tek &#8211; 1.3<\/strong><\/u><br \/>\n\t1. + Katarzyna Kulpa ( greg.) <br \/>\n\t2. ++ Maria, J&oacute;zef, Tadeusz Dr\u0105\u017cek <br \/>\n\t3. + Zbigniew Szular(greg. pocz.)<\/p>\n<p><u><strong>Sobota &#8211; 2.3.<\/strong><\/u><br \/>\n\t1. + Katarzyna Kulpa ( greg.) <br \/>\n\t2. + Zbigniew Szular (greg.)<br \/>\n\t3. + Renata Nowak od s\u0105siad&oacute;w: Nykiel, Bar, Kremski)<\/p>\n<p><u><strong>Niedziela &#8211; 3.3.<\/strong><\/u><br \/>\n\t6:30 ++ Stanis\u0142aw, Janina Pelc<br \/>\n\t8:00 ++ Andrzej, Katarzyna, W\u0142adys\u0142aw, Genowefa, Maria, Cecylia. <br \/>\n\t10:30 W int. parafian <br \/>\n\t15:00 + Zbigniew Szular (greg.)<br \/>\n\t&nbsp;<\/p>\n<h3 style=\"text-align: center;\"><strong><strong><span style=\"color: rgb(0, 0, 128);\">Modlitw\u0119 r&oacute;\u017ca\u0144cow\u0105 prowadz\u0105<br \/>\n\t<\/span><\/strong><\/strong><\/h3>\n<p>25.P.R. \u015aw. Franciszka z Asy\u017cu &#8211; (Jan Nowak)<br \/>\n\t26.W. R. \u015aw. Genowefy &#8211; (Genowefa Dr\u0105\u017cek)<br \/>\n\t27.\u015a.R. \u015aw. Heleny &#8211; (Helena Dyrda)<br \/>\n\t28.C.R. \u015aw. Jadwigi Kr&oacute;lowej-Halina Dyrda<br \/>\n\t01.P.R. KSM <br \/>\n\t02.S.R. kap\u0142an<br \/>\n\t03.N.R. \u015aw. Katarzyny- (Anna Kurek)<\/p>\n<p>\t<strong>Wyznaczona R&oacute;\u017ca powinna czu\u0107 si\u0119 zobowi\u0105zana do obecno\u015bci i prowadzenia modlitwy r&oacute;\u017ca\u0144cowej.<\/strong><\/p>\n","protected":false},"excerpt":{"rendered":"<p>VII Niedziela zwyk\u0142a &#8211; 24-02-2019 Og\u0142oszenia Dzi\u015b o godz. 15:00 nabo\u017ce\u0144stwo do Mi\u0142osierdzia Bo\u017cego i Msza \u015bw. W tym tygodniu przypada I pi\u0105tek i I sobota miesi\u0105ca. Spowied\u017a codziennie przed &hellip; <a href=\"https:\/\/budy.przemyska.pl\/index.php\/2019\/02\/24\/ogloszenia-parafialne-24-02-2019\/\" class=\"more-link\">Czytaj dalej <span class=\"screen-reader-text\">Og\u0142oszenia parafialne 24-02-2019<\/span> <span class=\"meta-nav\">&rarr;<\/span><\/a><\/p>\n","protected":false},"author":1,"featured_media":0,"comment_status":"closed","ping_status":"closed","sticky":false,"template":"","format":"standard","meta":{"footnotes":""},"categories":[6,4],"tags":[],"class_list":["post-2663","post","type-post","status-publish","format-standard","hentry","category-aktualnosci","category-ogloszenia"],"_links":{"self":[{"href":"https:\/\/budy.przemyska.pl\/index.php\/wp-json\/wp\/v2\/posts\/2663","targetHints":{"allow":["GET"]}}],"collection":[{"href":"https:\/\/budy.przemyska.pl\/index.php\/wp-json\/wp\/v2\/posts"}],"about":[{"href":"https:\/\/budy.przemyska.pl\/index.php\/wp-json\/wp\/v2\/types\/post"}],"author":[{"embeddable":true,"href":"https:\/\/budy.przemyska.pl\/index.php\/wp-json\/wp\/v2\/users\/1"}],"replies":[{"embeddable":true,"href":"https:\/\/budy.przemyska.pl\/index.php\/wp-json\/wp\/v2\/comments?post=2663"}],"version-history":[{"count":0,"href":"https:\/\/budy.przemyska.pl\/index.php\/wp-json\/wp\/v2\/posts\/2663\/revisions"}],"wp:attachment":[{"href":"https:\/\/budy.przemyska.pl\/index.php\/wp-json\/wp\/v2\/media?parent=2663"}],"wp:term":[{"taxonomy":"category","embeddable":true,"href":"https:\/\/budy.przemyska.pl\/index.php\/wp-json\/wp\/v2\/categories?post=2663"},{"taxonomy":"post_tag","embeddable":true,"href":"https:\/\/budy.przemyska.pl\/index.php\/wp-json\/wp\/v2\/tags?post=2663"}],"curies":[{"name":"wp","href":"https:\/\/api.w.org\/{rel}","templated":true}]}}