{"id":2661,"date":"2019-02-17T20:41:59","date_gmt":"2019-02-17T19:41:59","guid":{"rendered":"http:\/\/www.budylancuckie.przemyska.pl\/?p=2661"},"modified":"2019-02-17T20:41:59","modified_gmt":"2019-02-17T19:41:59","slug":"ogloszenia-parafialne-17-02-2019","status":"publish","type":"post","link":"https:\/\/budy.przemyska.pl\/index.php\/2019\/02\/17\/ogloszenia-parafialne-17-02-2019\/","title":{"rendered":"Og\u0142oszenia parafialne 17-02-2019"},"content":{"rendered":"<h2 style=\"text-align: center;\"><strong><span style=\"color: rgb(0, 0, 128);\">VI Niedziela zwyk\u0142a &#8211; 17-02-2019<\/span><\/strong><\/h2>\n<h2 style=\"text-align: center;\"><strong><span style=\"color: rgb(0, 0, 128);\">Og\u0142oszenia<br \/>\n\t<\/span><\/strong><\/h2>\n<ol>\n<li>Dzi\u015b o godz. 15:00 nabo\u017ce\u0144stwo do Mi\u0142osierdzia Bo\u017cego, nast\u0119pnie Msza \u015bw.<\/li>\n<li>W tym tygodniu w Liturgii Ko\u015bcio\u0142a wspominamy: w pi\u0105tek \u015bwi\u0119to Katedry \u015awi\u0119tego Piotra, w sobot\u0119 \u015bwi\u0119tego Polikarpa , biskupa i m\u0119czennika.<\/li>\n<li>We czwartek r&oacute;wnie\u017c o godz. 16:00 adoracja Naj\u015bwi\u0119tszego Sakramentu. <\/li>\n<li>B&oacute;g zap\u0142a\u0107 osobom sprz\u0105taj\u0105cym i stroj\u0105cym ko\u015bci&oacute;\u0142 w tym tygodniu oraz za ofiary na ogrzewanie ko\u015bcio\u0142a.<\/li>\n<\/ol>\n<h3 style=\"text-align: center;\"><strong><span style=\"color: rgb(0, 0, 128);\">Intencje mszalne<\/span><\/strong><\/h3>\n<h4 style=\"text-align: center;\"><strong><span style=\"color: rgb(0, 0, 128);\">od 18 lutego 2019 do 24 lutego 2019<\/span><\/strong><\/h4>\n<h4><strong><br \/>\n\tGdyby zbyt d\u0142ugi czas nie by\u0142a og\u0142oszona zam&oacute;wiona intencja mszalna &ndash; prosimy o zg\u0142oszenie tego kap\u0142anowi.&nbsp; Zam&oacute;wiona intencja nie mo\u017ce zgin\u0105\u0107.<br \/>\n\t<\/strong><\/h4>\n<p><u><strong>Poniedzia\u0142ek &#8211; 18.2.<\/strong><\/u><br \/>\n\t1. + Katarzyna Kulpa ( greg.)<br \/>\n\t2. ++ Aniela, Jan, Stanis\u0142aw Korzystka <br \/>\n\t3. ++ Jakub i Emilia Rupar (18)<\/p>\n<p><u><strong>Wtorek &#8211; 19.2.<\/strong><\/u><br \/>\n\t1. + Katarzyna Kulpa ( greg.)<br \/>\n\t2. + J&oacute;zef Socha od s. Jana <br \/>\n\t3. ++ Waleria, J&oacute;zef,Julia Syka\u0142a; \u015b. Marta Kurek<\/p>\n<p><u><strong>\u015aroda &#8211; 20.2.<\/strong><\/u><br \/>\n\t1. + Katarzyna Kulpa ( greg.)<br \/>\n\t2. ++ Helena, Ludwik Machniak <br \/>\n\t3. + Andrzej Szybist od kole\u017c. siostry z pracy<\/p>\n<p><u><strong>Czwartek &#8211; 21.2<\/strong><\/u><br \/>\n\t1. + Katarzyna Kulpa ( greg.)<br \/>\n\t2. + Adam Zi\u0119zio<br \/>\n\t3. ++ Jan, Helena Kukulscy <\/p>\n<p>\t<u><strong>Pi\u0105tek &#8211; 22.2<\/strong><\/u><br \/>\n\t1. + Katarzyna Kulpa ( greg.) <br \/>\n\t2. ++ Janina, Andrzej <br \/>\n\t3. + Maria Kojder od Rady So\u0142. Kor. P\u0142nc <\/p>\n<p><u><strong>Sobota &#8211; 23.2.<\/strong><\/u><br \/>\n\t1. + Katarzyna Kulpa ( greg.)<br \/>\n\t2. ++ Cecylia, Jan, Franciszek, Wies\u0142aw Kojder <br \/>\n\t3. + Stanis\u0142awa Machniak od r. Romanek <\/p>\n<p><u><strong>Niedziela &#8211; 24.2.<\/strong><\/u><br \/>\n\t6:30 ++ Teresa, Antonina, Franciszek Harpula<br \/>\n\t8:00 + Jan Kurek od swatowej Marii z rodz. <br \/>\n\t10:30 W int. parafian <br \/>\n\t15:00 + Katarzyna Kulpa (greg.)<br \/>\n\t&nbsp;<\/p>\n<h3 style=\"text-align: center;\"><strong><strong><span style=\"color: rgb(0, 0, 128);\">Modlitw\u0119 r&oacute;\u017ca\u0144cow\u0105 prowadz\u0105<br \/>\n\t<\/span><\/strong><\/strong><\/h3>\n<p>18.P.&nbsp;&nbsp; R. \u015aw. Agnieszki &#8211; (Krystyna Nykiel)<br \/>\n\t19.W. R. \u015aw. Andrzeja Aposto\u0142a-(J&oacute;zef M\u0105dry)<br \/>\n\t20.\u015a.&nbsp; R. B\u0142. Anieli Salawy &#8211; (Zofia Kojder)<br \/>\n\t21.C.&nbsp; R. \u015aw. Anny &#8211; (Karolina Benedyk)<br \/>\n\t22.P.&nbsp; R. KSM&nbsp;&nbsp;&nbsp;&nbsp;&nbsp;&nbsp;&nbsp;&nbsp;&nbsp;&nbsp;&nbsp;&nbsp;&nbsp;&nbsp;&nbsp;&nbsp; <br \/>\n\t23.S.&nbsp; R. \u015aw. Cecylii&nbsp; &#8211; (Krystyna Markowicz)<br \/>\n\t24.N.&nbsp; R. \u015aw. El\u017cbiety &#8211; (Alina Trojnar)<\/p>\n<p>\t<strong>Wyznaczona R&oacute;\u017ca powinna czu\u0107 si\u0119 zobowi\u0105zana do obecno\u015bci i prowadzenia modlitwy r&oacute;\u017ca\u0144cowej.<\/strong><\/p>\n","protected":false},"excerpt":{"rendered":"<p>VI Niedziela zwyk\u0142a &#8211; 17-02-2019 Og\u0142oszenia Dzi\u015b o godz. 15:00 nabo\u017ce\u0144stwo do Mi\u0142osierdzia Bo\u017cego, nast\u0119pnie Msza \u015bw. W tym tygodniu w Liturgii Ko\u015bcio\u0142a wspominamy: w pi\u0105tek \u015bwi\u0119to Katedry \u015awi\u0119tego Piotra, &hellip; <a href=\"https:\/\/budy.przemyska.pl\/index.php\/2019\/02\/17\/ogloszenia-parafialne-17-02-2019\/\" class=\"more-link\">Czytaj dalej <span class=\"screen-reader-text\">Og\u0142oszenia parafialne 17-02-2019<\/span> <span class=\"meta-nav\">&rarr;<\/span><\/a><\/p>\n","protected":false},"author":1,"featured_media":0,"comment_status":"closed","ping_status":"closed","sticky":false,"template":"","format":"standard","meta":{"footnotes":""},"categories":[6,4],"tags":[],"class_list":["post-2661","post","type-post","status-publish","format-standard","hentry","category-aktualnosci","category-ogloszenia"],"_links":{"self":[{"href":"https:\/\/budy.przemyska.pl\/index.php\/wp-json\/wp\/v2\/posts\/2661","targetHints":{"allow":["GET"]}}],"collection":[{"href":"https:\/\/budy.przemyska.pl\/index.php\/wp-json\/wp\/v2\/posts"}],"about":[{"href":"https:\/\/budy.przemyska.pl\/index.php\/wp-json\/wp\/v2\/types\/post"}],"author":[{"embeddable":true,"href":"https:\/\/budy.przemyska.pl\/index.php\/wp-json\/wp\/v2\/users\/1"}],"replies":[{"embeddable":true,"href":"https:\/\/budy.przemyska.pl\/index.php\/wp-json\/wp\/v2\/comments?post=2661"}],"version-history":[{"count":0,"href":"https:\/\/budy.przemyska.pl\/index.php\/wp-json\/wp\/v2\/posts\/2661\/revisions"}],"wp:attachment":[{"href":"https:\/\/budy.przemyska.pl\/index.php\/wp-json\/wp\/v2\/media?parent=2661"}],"wp:term":[{"taxonomy":"category","embeddable":true,"href":"https:\/\/budy.przemyska.pl\/index.php\/wp-json\/wp\/v2\/categories?post=2661"},{"taxonomy":"post_tag","embeddable":true,"href":"https:\/\/budy.przemyska.pl\/index.php\/wp-json\/wp\/v2\/tags?post=2661"}],"curies":[{"name":"wp","href":"https:\/\/api.w.org\/{rel}","templated":true}]}}