{"id":2659,"date":"2019-02-10T20:35:36","date_gmt":"2019-02-10T19:35:36","guid":{"rendered":"http:\/\/www.budylancuckie.przemyska.pl\/?p=2659"},"modified":"2019-02-10T20:35:36","modified_gmt":"2019-02-10T19:35:36","slug":"ogloszenia-parafialne-10-02-2019","status":"publish","type":"post","link":"https:\/\/budy.przemyska.pl\/index.php\/2019\/02\/10\/ogloszenia-parafialne-10-02-2019\/","title":{"rendered":"Og\u0142oszenia parafialne 10-02-2019"},"content":{"rendered":"<h2 style=\"text-align: center;\"><strong><span style=\"color: rgb(0, 0, 128);\">V Niedziela zwyk\u0142a &#8211; 10-02-2019<\/span><\/strong><\/h2>\n<h2 style=\"text-align: center;\"><strong><span style=\"color: rgb(0, 0, 128);\">Og\u0142oszenia<br \/>\n\t<\/span><\/strong><\/h2>\n<ol>\n<li>Dzi\u015b o godz. 15:00 nabo\u017ce\u0144stwo do Mi\u0142osierdzia Bo\u017cego, nast\u0119pnie Msza \u015bw.<\/li>\n<li>Jutro obchodzimy \u015awiatowy Dzie\u0144 Chorego. Jest to dzie\u0144 modlitwy w intencji chorych,a zarazem szczeg&oacute;lna okazja do okazania im chrze\u015bcija\u0144skiej mi\u0142o\u015bci.<\/li>\n<li>We czwartek o godz. 16:00 adoracja Naj\u015bwi\u0119tszego Sakramentu. W tym dniu wspominamy \u015aw. Cyryla, mnicha i Metodego, biskupa, patron&oacute;w Europy.<\/li>\n<li>B&oacute;g zap\u0142a\u0107 osobom sprz\u0105taj\u0105cym i stroj\u0105cym ko\u015bci&oacute;\u0142 w tym tygodniu oraz sk\u0142adaj\u0105cym ofiary z racji kol\u0119dy i na ogrzewanie ko\u015bcio\u0142a.<\/li>\n<\/ol>\n<h3 style=\"text-align: center;\"><strong><span style=\"color: rgb(0, 0, 128);\">Intencje mszalne<\/span><\/strong><\/h3>\n<h4 style=\"text-align: center;\"><strong><span style=\"color: rgb(0, 0, 128);\">od 11 lutego 2019 do 17 lutego 2019<\/span><\/strong><\/h4>\n<h4><strong><br \/>\n\tGdyby zbyt d\u0142ugi czas nie by\u0142a og\u0142oszona zam&oacute;wiona intencja mszalna &ndash; prosimy o zg\u0142oszenie tego kap\u0142anowi.&nbsp; Zam&oacute;wiona intencja nie mo\u017ce zgin\u0105\u0107.<br \/>\n\t<\/strong><\/h4>\n<p><u><strong>Poniedzia\u0142ek &#8211; 11.2.<\/strong><\/u><br \/>\n\t1. + Katarzyna Kulpa ( greg.)<br \/>\n\t2. ++ Cecylia, Stanis\u0142aw, Stefan R\u0105czka; Maria, Stanis\u0142aw Kie\u0142b <br \/>\n\t3. + W\u0142adys\u0142aw Sobu\u015b od s. Zdzis\u0142awa z rodz.<\/p>\n<p><u><strong>Wtorek &#8211; 12.2.<\/strong><\/u><br \/>\n\t1. + Katarzyna Kulpa ( greg.)<br \/>\n\t2. + Wies\u0142aw Bester od swat&oacute;w <br \/>\n\t3. + J&oacute;zef Socha od Genowefy z rodz.<\/p>\n<p><u><strong>\u015aroda &#8211; 13.2.<\/strong><\/u><br \/>\n\t1. + Katarzyna Kulpa ( greg.)<br \/>\n\t2. ++ Walenty i Maria Bo\u017cek <br \/>\n\t3. + Jan Kita<\/p>\n<p><u><strong>Czwartek &#8211; 14.2<\/strong><\/u><br \/>\n\t1. + Katarzyna Kulpa ( greg.)<br \/>\n\t2. ++ Wojciech, Zofia Por\u0119by; Stanis\u0142aw Kielb<br \/>\n\t3. ++ Micha\u0142, Marian, Stanis\u0142aw, Jan Bartnik <\/p>\n<p>\t<u><strong>Pi\u0105tek &#8211; 15.2<\/strong><\/u><br \/>\n\t1. + Katarzyna Kulpa ( greg.) <br \/>\n\t2. + Stanis\u0142aw, Maria, Franciszek Kojder <br \/>\n\t3. + Stanis\u0142aw Cebulak od c. z rodz. <\/p>\n<p><u><strong>Sobota &#8211; 16.2.<\/strong><\/u><br \/>\n\t1. + Katarzyna Kulpa ( greg.)<br \/>\n\t2. + Jan Kurek od r. Rupar&oacute;w <br \/>\n\t3. + Stanis\u0142aw Gamracy od OSP Budy \u0141.<\/p>\n<p><u><strong>Niedziela &#8211; 17.2.<\/strong><\/u><br \/>\n\t6:30 + Katarzyna Kulpa (greg.) <br \/>\n\t8:00 ++ Robert, Dariusz, Stanis\u0142aw Cebulak <br \/>\n\t10:30 W int. Parafian <br \/>\n\t15:00 + Stanis\u0142aw Kie\u0142b od siostry <br \/>\n\t&nbsp;<\/p>\n<h3 style=\"text-align: center;\"><strong><strong><span style=\"color: rgb(0, 0, 128);\">Modlitw\u0119 r&oacute;\u017ca\u0144cow\u0105 prowadz\u0105<br \/>\n\t<\/span><\/strong><\/strong><\/h3>\n<p>11.P.R. \u015aw. Teresy od Dzieci\u0105tka Jezus &#8211; (Dorota Dzierga)<br \/>\n\t12.W. R. \u015aw. Teresy Wielkiej &#8211; (Zofia Wierzbicka)<br \/>\n\t13.\u015a.R. \u015aw. Tomasza Aposto\u0142a &#8211; (Stanis\u0142aw \u015alimak)<br \/>\n\t14.C.R. \u015aw. Zofii &#8211; (Zofia Kurek)<br \/>\n\t15.P.R. KSM <br \/>\n\t16.S.R. \u015aw. Agaty- (Patrycji Por\u0119bnej)<br \/>\n\t17.N.R. Akcja Katolicka<\/p>\n<p>\t<strong>Wyznaczona R&oacute;\u017ca powinna czu\u0107 si\u0119 zobowi\u0105zana do obecno\u015bci i prowadzenia modlitwy r&oacute;\u017ca\u0144cowej.<\/strong><\/p>\n","protected":false},"excerpt":{"rendered":"<p>V Niedziela zwyk\u0142a &#8211; 10-02-2019 Og\u0142oszenia Dzi\u015b o godz. 15:00 nabo\u017ce\u0144stwo do Mi\u0142osierdzia Bo\u017cego, nast\u0119pnie Msza \u015bw. Jutro obchodzimy \u015awiatowy Dzie\u0144 Chorego. Jest to dzie\u0144 modlitwy w intencji chorych,a zarazem &hellip; <a href=\"https:\/\/budy.przemyska.pl\/index.php\/2019\/02\/10\/ogloszenia-parafialne-10-02-2019\/\" class=\"more-link\">Czytaj dalej <span class=\"screen-reader-text\">Og\u0142oszenia parafialne 10-02-2019<\/span> <span class=\"meta-nav\">&rarr;<\/span><\/a><\/p>\n","protected":false},"author":1,"featured_media":0,"comment_status":"closed","ping_status":"closed","sticky":false,"template":"","format":"standard","meta":{"footnotes":""},"categories":[6,4],"tags":[],"class_list":["post-2659","post","type-post","status-publish","format-standard","hentry","category-aktualnosci","category-ogloszenia"],"_links":{"self":[{"href":"https:\/\/budy.przemyska.pl\/index.php\/wp-json\/wp\/v2\/posts\/2659","targetHints":{"allow":["GET"]}}],"collection":[{"href":"https:\/\/budy.przemyska.pl\/index.php\/wp-json\/wp\/v2\/posts"}],"about":[{"href":"https:\/\/budy.przemyska.pl\/index.php\/wp-json\/wp\/v2\/types\/post"}],"author":[{"embeddable":true,"href":"https:\/\/budy.przemyska.pl\/index.php\/wp-json\/wp\/v2\/users\/1"}],"replies":[{"embeddable":true,"href":"https:\/\/budy.przemyska.pl\/index.php\/wp-json\/wp\/v2\/comments?post=2659"}],"version-history":[{"count":0,"href":"https:\/\/budy.przemyska.pl\/index.php\/wp-json\/wp\/v2\/posts\/2659\/revisions"}],"wp:attachment":[{"href":"https:\/\/budy.przemyska.pl\/index.php\/wp-json\/wp\/v2\/media?parent=2659"}],"wp:term":[{"taxonomy":"category","embeddable":true,"href":"https:\/\/budy.przemyska.pl\/index.php\/wp-json\/wp\/v2\/categories?post=2659"},{"taxonomy":"post_tag","embeddable":true,"href":"https:\/\/budy.przemyska.pl\/index.php\/wp-json\/wp\/v2\/tags?post=2659"}],"curies":[{"name":"wp","href":"https:\/\/api.w.org\/{rel}","templated":true}]}}