{"id":2656,"date":"2019-02-03T10:42:58","date_gmt":"2019-02-03T09:42:58","guid":{"rendered":"http:\/\/www.budylancuckie.przemyska.pl\/?p=2656"},"modified":"2019-02-03T10:42:58","modified_gmt":"2019-02-03T09:42:58","slug":"ogloszenia-parafialne-03-02-2019","status":"publish","type":"post","link":"https:\/\/budy.przemyska.pl\/index.php\/2019\/02\/03\/ogloszenia-parafialne-03-02-2019\/","title":{"rendered":"Og\u0142oszenia parafialne 03-02-2019"},"content":{"rendered":"<h2 style=\"text-align: center;\"><strong><span style=\"color: rgb(0, 0, 128);\">IV Niedziela zwyk\u0142a &#8211; 03-02-2019<\/span><\/strong><\/h2>\n<h2 style=\"text-align: center;\"><strong><span style=\"color: rgb(0, 0, 128);\">Og\u0142oszenia<br \/>\n\t<\/span><\/strong><\/h2>\n<ol>\n<li>Dzi\u015b o godz. 15:00 nabo\u017ce\u0144stwo do Mi\u0142osierdzia Bo\u017cego i Msza \u015bw.<\/li>\n<li>We wtorek wspominamy \u015bw. Agat\u0119 &ndash; po Mszy \u015bw. po\u015bwi\u0119cenie chleba, wody i soli. W \u015brod\u0119 wspominamy \u015bw. Paw\u0142a Miki i Towarzyszy, m\u0119czennik&oacute;w.<\/li>\n<li>W tym tygodniu przypada I czwartek miesi\u0105ca. O godz. 16:00 adoracja Naj\u015bwi\u0119tszego Sakramentu. Po Mszy \u015bw. spotkanie Akcji Katolickiej.<\/li>\n<li>B&oacute;g zap\u0142a\u0107 osobom sprz\u0105taj\u0105cym i stroj\u0105cym ko\u015bci&oacute;\u0142 w tym tygodniu oraz za ofiary z racji kol\u0119dy, a tak\u017ce na ogrzewanie ko\u015bcio\u0142a..<\/li>\n<\/ol>\n<h3 style=\"text-align: center;\"><strong><span style=\"color: rgb(0, 0, 128);\">Intencje mszalne<\/span><\/strong><\/h3>\n<h4 style=\"text-align: center;\"><strong><span style=\"color: rgb(0, 0, 128);\">od 4 lutego 2019 do 10 lutego 2019<\/span><\/strong><\/h4>\n<h4><strong><br \/>\n\tGdyby zbyt d\u0142ugi czas nie by\u0142a og\u0142oszona zam&oacute;wiona intencja mszalna &ndash; prosimy o zg\u0142oszenie tego kap\u0142anowi.&nbsp; Zam&oacute;wiona intencja nie mo\u017ce zgin\u0105\u0107.<br \/>\n\t<\/strong><\/h4>\n<p><u><strong>Poniedzia\u0142ek &#8211; 4.2.<\/strong><\/u><br \/>\n\t1. + Katarzyna Kulpa ( greg.)<br \/>\n\t2. ++ Stanis\u0142aw Socha od c. Danuty z m\u0119\u017cem <br \/>\n\t3. + Barbara Bartnik. <\/p>\n<p><u><strong>Wtorek &#8211; 5.2.<\/strong><\/u><br \/>\n\t1. + Katarzyna Kulpa ( greg.)<br \/>\n\t2. ++ W\u0142adys\u0142awa i J&oacute;zef Kurek<br \/>\n\t3. + Jan Kurek od s. Mariusza z rodz. <\/p>\n<p><u><strong>\u015aroda &#8211; 6.2.<\/strong><\/u><br \/>\n\t1. + Katarzyna Kulpa ( greg.) <br \/>\n\t2. ++ Ryszard Markowicz, Jan i Katarzyna Kondel<br \/>\n\t3. + Maria Kojder od Zofii Cebulak <\/p>\n<p><u><strong>Czwartek &#8211; 7.2<\/strong><\/u><br \/>\n\t1. + Katarzyna Kulpa ( greg.)<br \/>\n\t2. ++ Maria, Franciszek, Zofia, Karolina, Stanis\u0142aw \u015alimak<br \/>\n\t3. ++ Stefania, Franciszek,, Maria, Zofia, Maria, Stanis\u0142aw Rybak <\/p>\n<p>\t<u><strong>Pi\u0105tek &#8211; 8.2<\/strong><\/u><br \/>\n\t1. + Katarzyna Kulpa ( greg.) <br \/>\n\t2. + Stanis\u0142aw Cebulak od &rdquo;Niezabudek&rdquo;- kole\u017canek c&oacute;rki <br \/>\n\t3. ++ Aniela i Franciszek Kojder <\/p>\n<p><u><strong>Sobota &#8211; 9.2.<\/strong><\/u><br \/>\n\t1. + Katarzyna Kulpa ( greg.)<br \/>\n\t2. ++ Stanis\u0142aw, Katarzyna Migas i zm. z r Dyrd&oacute;w-Migas&oacute;w <br \/>\n\t3. ++ Zofia, Jan Kurek, Stefania , Franciszek Mach <\/p>\n<p><u><strong>Niedziela &#8211; 10.2.<\/strong><\/u><br \/>\n\t6:30 1. + Stanis\u0142\u0105w Blok <br \/>\n\t&nbsp;&nbsp;&nbsp;&nbsp; 2. ++ Maria, Stanis\u0142aw, Zbigniew Szular i zm. z rodz. <br \/>\n\t8:00 ++ Ma\u0142gorzata, Jozef \u015awizdor <br \/>\n\t10:30 W int. parafian <br \/>\n\t15:00 + Katarzyna Kulpa (greg.)<br \/>\n\t&nbsp;<\/p>\n<h3 style=\"text-align: center;\"><strong><strong><span style=\"color: rgb(0, 0, 128);\">Modlitw\u0119 r&oacute;\u017ca\u0144cow\u0105 prowadz\u0105<br \/>\n\t<\/span><\/strong><\/strong><\/h3>\n<p>04.P.R. \u015aw. Marty &#8211; (Cz. Por\u0119bna)<br \/>\n\t05.W. R. Matki Bo\u017cej Bolesnej &#8211; (G. Bartnik)<br \/>\n\t06.\u015a. R. Matki Bo\u017cej R&oacute;\u017ca\u0144cowej &#8211; (Zofia \u015awizdor)<br \/>\n\t07.C. R. Matki Bo\u017cej Szkaplerznej- (M. K\u0142os)<br \/>\n\t08.P. R.KSM <br \/>\n\t09.S. R. \u015aw. Teresy od Dzieci\u0105tka Jezus &#8211; (Dorota Dzierga)<br \/>\n\t10.N. R. \u015aw. Stanis\u0142awa biskupa &#8211; (Franciszek Bartnik)<\/p>\n<p>\t<strong>Wyznaczona R&oacute;\u017ca powinna czu\u0107 si\u0119 zobowi\u0105zana do obecno\u015bci i prowadzenia modlitwy r&oacute;\u017ca\u0144cowej.<\/strong><\/p>\n","protected":false},"excerpt":{"rendered":"<p>IV Niedziela zwyk\u0142a &#8211; 03-02-2019 Og\u0142oszenia Dzi\u015b o godz. 15:00 nabo\u017ce\u0144stwo do Mi\u0142osierdzia Bo\u017cego i Msza \u015bw. We wtorek wspominamy \u015bw. Agat\u0119 &ndash; po Mszy \u015bw. po\u015bwi\u0119cenie chleba, wody i &hellip; <a href=\"https:\/\/budy.przemyska.pl\/index.php\/2019\/02\/03\/ogloszenia-parafialne-03-02-2019\/\" class=\"more-link\">Czytaj dalej <span class=\"screen-reader-text\">Og\u0142oszenia parafialne 03-02-2019<\/span> <span class=\"meta-nav\">&rarr;<\/span><\/a><\/p>\n","protected":false},"author":1,"featured_media":0,"comment_status":"closed","ping_status":"closed","sticky":false,"template":"","format":"standard","meta":{"footnotes":""},"categories":[6,4],"tags":[],"class_list":["post-2656","post","type-post","status-publish","format-standard","hentry","category-aktualnosci","category-ogloszenia"],"_links":{"self":[{"href":"https:\/\/budy.przemyska.pl\/index.php\/wp-json\/wp\/v2\/posts\/2656","targetHints":{"allow":["GET"]}}],"collection":[{"href":"https:\/\/budy.przemyska.pl\/index.php\/wp-json\/wp\/v2\/posts"}],"about":[{"href":"https:\/\/budy.przemyska.pl\/index.php\/wp-json\/wp\/v2\/types\/post"}],"author":[{"embeddable":true,"href":"https:\/\/budy.przemyska.pl\/index.php\/wp-json\/wp\/v2\/users\/1"}],"replies":[{"embeddable":true,"href":"https:\/\/budy.przemyska.pl\/index.php\/wp-json\/wp\/v2\/comments?post=2656"}],"version-history":[{"count":0,"href":"https:\/\/budy.przemyska.pl\/index.php\/wp-json\/wp\/v2\/posts\/2656\/revisions"}],"wp:attachment":[{"href":"https:\/\/budy.przemyska.pl\/index.php\/wp-json\/wp\/v2\/media?parent=2656"}],"wp:term":[{"taxonomy":"category","embeddable":true,"href":"https:\/\/budy.przemyska.pl\/index.php\/wp-json\/wp\/v2\/categories?post=2656"},{"taxonomy":"post_tag","embeddable":true,"href":"https:\/\/budy.przemyska.pl\/index.php\/wp-json\/wp\/v2\/tags?post=2656"}],"curies":[{"name":"wp","href":"https:\/\/api.w.org\/{rel}","templated":true}]}}