{"id":2650,"date":"2019-01-27T10:15:07","date_gmt":"2019-01-27T09:15:07","guid":{"rendered":"http:\/\/www.budylancuckie.przemyska.pl\/?p=2650"},"modified":"2019-01-27T10:15:07","modified_gmt":"2019-01-27T09:15:07","slug":"ogloszenia-parafialne-27-01-2019","status":"publish","type":"post","link":"https:\/\/budy.przemyska.pl\/index.php\/2019\/01\/27\/ogloszenia-parafialne-27-01-2019\/","title":{"rendered":"Og\u0142oszenia parafialne 27-01-2019"},"content":{"rendered":"<h2 style=\"text-align: center;\"><strong><span style=\"color: rgb(0, 0, 128);\">III Niedziela zwyk\u0142a &#8211; 27-01-2019<\/span><\/strong><\/h2>\n<h2 style=\"text-align: center;\"><strong><span style=\"color: rgb(0, 0, 128);\">Og\u0142oszenia<br \/>\n\t<\/span><\/strong><\/h2>\n<ol>\n<li>Dzi\u015b o godz. 15:00 nabo\u017ce\u0144stwo do Mi\u0142osierdzia Bo\u017cego, nast\u0119pnie Msza \u015bw.<\/li>\n<li>W tym tygodniu w Liturgii Ko\u015bcio\u0142a wspominamy: w poniedzia\u0142ek &ndash; \u015bw. Tomasza z Akwinu, prezbitera i doktora Ko\u015bcio\u0142a a w czwartek &#8211; \u015bw. Jana Bosko, prezbitera.<\/li>\n<li>We czwartek r&oacute;wnie\u017c o godz. 16:00 adoracja Naj\u015bwi\u0119tszego Sakramentu. <\/li>\n<li>W tym tygodniu I pi\u0105tek i I sobota miesi\u0105ca. Okazja do spowiedzi \u015bw. codziennie przed Msz\u0105 \u015bw.<\/li>\n<li>W I pi\u0105tek miesi\u0105ca po rannej Mszy \u015bw. odwiedziny chorych.<\/li>\n<li>W sobot\u0119 \u015awi\u0119to Ofiarowania Pa\u0144skiego (Matki Bo\u017cej Gromnicznej). Msze \u015bw. o godz. 6:30, 8:00 i 17:00. W tym dniu po\u015bwi\u0119cenie gromnic na ka\u017cdej Mszy \u015bw. Jest to r&oacute;wnie\u017c Dzie\u0144 \u017bycia Konsekrowanego. Modlimy si\u0119 za tych, kt&oacute;rzy po\u015bwi\u0119cili swoje \u017cycie Bogu, sk\u0142adaj\u0105c \u015bluby zakonne. Po Mszy \u015bw. wieczornej &#8211; z racji I soboty miesi\u0105ca &#8211; nabo\u017ce\u0144stwo r&oacute;\u017ca\u0144cowe, procesja z figur\u0105 Matki Bo\u017cej Fatimskiej a nast\u0119pnie zmiana tajemnic r&oacute;\u017ca\u0144cowych.<\/li>\n<li>B&oacute;g zap\u0142a\u0107 osobom sprz\u0105taj\u0105cym i stroj\u0105cym ko\u015bci&oacute;\u0142 w tym tygodniu oraz za ofiary na inwestycje w parafii, z racji kol\u0119dy a tak\u017ce na ogrzewanie ko\u015bcio\u0142a..<\/li>\n<\/ol>\n<h3 style=\"text-align: center;\"><strong><span style=\"color: rgb(0, 0, 128);\">Intencje mszalne<\/span><\/strong><\/h3>\n<h4 style=\"text-align: center;\"><strong><span style=\"color: rgb(0, 0, 128);\">od 28 stycznia 2019 do 3 lutego 2019<\/span><\/strong><\/h4>\n<h4><strong><br \/>\n\tGdyby zbyt d\u0142ugi czas nie by\u0142a og\u0142oszona zam&oacute;wiona intencja mszalna &ndash; prosimy o zg\u0142oszenie tego kap\u0142anowi.&nbsp; Zam&oacute;wiona intencja nie mo\u017ce zgin\u0105\u0107.<br \/>\n\t<\/strong><\/h4>\n<p><u><strong>Poniedzia\u0142ek &#8211; 28.1.<\/strong><\/u><br \/>\n\t1. + Aniela Bartnik ( greg.)<br \/>\n\t2. ++ Stanis\u0142aw, Weronika, Wincenty Bieleccy<br \/>\n\t3. + Jan Kurek z r&oacute;\u017cy \u015bw. Tomasza Ap. <\/p>\n<p><u><strong>Wtorek &#8211; 29.1.<\/strong><\/u><br \/>\n\t1. + Aniela Bartnik ( greg.)<br \/>\n\t2. ++ Marcin, Franciszka Czech i zm. z rodz.<br \/>\n\t3. + Renata Nowak od s. Gra\u017cyny z rodz.<\/p>\n<p><u><strong>\u015aroda &#8211; 30.1.<\/strong><\/u><br \/>\n\t1. + Aniela Bartnik (greg. pocz.) <br \/>\n\t2. ++ J&oacute;zef, KatarzynaKr&oacute;l i zm z rodz.<br \/>\n\t3. ++ W\u0142adys\u0142aw Sobu\u015b i zm. s\u0105siedzi <\/p>\n<p><u><strong>Czwartek &#8211; 31.1<\/strong><\/u><br \/>\n\t1. + Aniela Bartnik (greg.)<br \/>\n\t2. + Ryszard Markowicz od swatowej Janiny<br \/>\n\t3. + Stanis\u0142aw Paluch <\/p>\n<p>\t<u><strong>Pi\u0105tek &#8211; 1.2<\/strong><\/u><br \/>\n\t1. + Katarzyna Kulpa (greg. pocz.) <br \/>\n\t2. + Zofia St\u0119ch\u0142y z r&oacute;\u017cy \u015bw.Genowefy<br \/>\n\t3. + Jan Kurek od \u017cony <\/p>\n<p><u><strong>Sobota &#8211; 2.2.<\/strong><\/u><br \/>\n\t1. + Katarzyna Kulpa ( greg.)<br \/>\n\t2. ++ Marek Bartnik i zm. z rodziny<br \/>\n\t3. ++ Stefania i Jan Pelc <\/p>\n<p><u><strong>Niedziela &#8211; 3.2.<\/strong><\/u><br \/>\n\t6:30 O szcz\u0119\u015bliwe rozwi\u0105zanie <br \/>\n\t8:00 ++ W\u0142adys\u0142aw i Weronika Rydzik <br \/>\n\t10:30 W int. parafian <br \/>\n\t15:00 + Katarzyna Kulpa (greg.)<br \/>\n\t&nbsp;<\/p>\n<h3 style=\"text-align: center;\"><strong><strong><span style=\"color: rgb(0, 0, 128);\">Modlitw\u0119 r&oacute;\u017ca\u0144cow\u0105 prowadz\u0105<br \/>\n\t<\/span><\/strong><\/strong><\/h3>\n<p>28.P.R. \u015aw. \u0141ucji- (Anna Szular)<br \/>\n\t29.W.R. \u015aw. Kingi- (Maria Golak)<br \/>\n\t30.\u015a.R. \u015aw. Klary &#8211; (Teresa G\u0142owiak)<br \/>\n\t31.C.R. \u015aw. Ma\u0142gorzaty Marii &#8211; (Genowefa Drabik)<br \/>\n\t01.P. R. KSM <br \/>\n\t02.S. R. \u015aw. Marii Goretti &#8211; (El\u017cbieta Kukulska)<br \/>\n\t03.N. R. \u015aw. Marii Magdaleny &#8211; (Maria Baran)<\/p>\n<p>\t<strong>Wyznaczona R&oacute;\u017ca powinna czu\u0107 si\u0119 zobowi\u0105zana do obecno\u015bci i prowadzenia modlitwy r&oacute;\u017ca\u0144cowej.<\/strong><\/p>\n","protected":false},"excerpt":{"rendered":"<p>III Niedziela zwyk\u0142a &#8211; 27-01-2019 Og\u0142oszenia Dzi\u015b o godz. 15:00 nabo\u017ce\u0144stwo do Mi\u0142osierdzia Bo\u017cego, nast\u0119pnie Msza \u015bw. W tym tygodniu w Liturgii Ko\u015bcio\u0142a wspominamy: w poniedzia\u0142ek &ndash; \u015bw. Tomasza z &hellip; <a href=\"https:\/\/budy.przemyska.pl\/index.php\/2019\/01\/27\/ogloszenia-parafialne-27-01-2019\/\" class=\"more-link\">Czytaj dalej <span class=\"screen-reader-text\">Og\u0142oszenia parafialne 27-01-2019<\/span> <span class=\"meta-nav\">&rarr;<\/span><\/a><\/p>\n","protected":false},"author":1,"featured_media":0,"comment_status":"closed","ping_status":"closed","sticky":false,"template":"","format":"standard","meta":{"footnotes":""},"categories":[6,4],"tags":[],"class_list":["post-2650","post","type-post","status-publish","format-standard","hentry","category-aktualnosci","category-ogloszenia"],"_links":{"self":[{"href":"https:\/\/budy.przemyska.pl\/index.php\/wp-json\/wp\/v2\/posts\/2650","targetHints":{"allow":["GET"]}}],"collection":[{"href":"https:\/\/budy.przemyska.pl\/index.php\/wp-json\/wp\/v2\/posts"}],"about":[{"href":"https:\/\/budy.przemyska.pl\/index.php\/wp-json\/wp\/v2\/types\/post"}],"author":[{"embeddable":true,"href":"https:\/\/budy.przemyska.pl\/index.php\/wp-json\/wp\/v2\/users\/1"}],"replies":[{"embeddable":true,"href":"https:\/\/budy.przemyska.pl\/index.php\/wp-json\/wp\/v2\/comments?post=2650"}],"version-history":[{"count":0,"href":"https:\/\/budy.przemyska.pl\/index.php\/wp-json\/wp\/v2\/posts\/2650\/revisions"}],"wp:attachment":[{"href":"https:\/\/budy.przemyska.pl\/index.php\/wp-json\/wp\/v2\/media?parent=2650"}],"wp:term":[{"taxonomy":"category","embeddable":true,"href":"https:\/\/budy.przemyska.pl\/index.php\/wp-json\/wp\/v2\/categories?post=2650"},{"taxonomy":"post_tag","embeddable":true,"href":"https:\/\/budy.przemyska.pl\/index.php\/wp-json\/wp\/v2\/tags?post=2650"}],"curies":[{"name":"wp","href":"https:\/\/api.w.org\/{rel}","templated":true}]}}