{"id":2647,"date":"2019-01-20T18:11:31","date_gmt":"2019-01-20T17:11:31","guid":{"rendered":"http:\/\/www.budylancuckie.przemyska.pl\/?p=2647"},"modified":"2019-01-20T18:11:31","modified_gmt":"2019-01-20T17:11:31","slug":"ogloszenia-parafialne-20-01-2019","status":"publish","type":"post","link":"https:\/\/budy.przemyska.pl\/index.php\/2019\/01\/20\/ogloszenia-parafialne-20-01-2019\/","title":{"rendered":"Og\u0142oszenia parafialne 20-01-2019"},"content":{"rendered":"<h2 style=\"text-align: center;\"><strong><span style=\"color: rgb(0, 0, 128);\">II Niedziela zwyk\u0142a &#8211; 20-01-2019<\/span><\/strong><\/h2>\n<h2 style=\"text-align: center;\"><strong><span style=\"color: rgb(0, 0, 128);\">Og\u0142oszenia<br \/>\n\t<\/span><\/strong><\/h2>\n<ol>\n<li>Dzi\u015b o godz. 15:00 nabo\u017ce\u0144stwo do Mi\u0142osierdzia Bo\u017cego, nast\u0119pnie Msza \u015bw.<\/li>\n<li>We wtorek spotkanie ministrant&oacute;w.<\/li>\n<li>We czwartek o godz. 16:00 adoracja Naj\u015bwi\u0119tszego Sakramentu. <\/li>\n<li>W tym tygodniu w liturgii Ko\u015bcio\u0142a wspominamy: w poniedzia\u0142ek &ndash; \u015bw. Agnieszk\u0119, dziewic\u0119 i m\u0119czennic\u0119, we czwartek &ndash; \u015bw. Franciszka Salezego, biskupa i doktora Ko\u015bcio\u0142a, w pi\u0105tek &ndash; \u015awi\u0119to Nawr&oacute;cenia \u015bw. Paw\u0142a, w sobot\u0119 &ndash; \u015bw. Tymoteusza i Tytusa, biskup&oacute;w. <\/li>\n<li>Uczniowie i nauczyciele Szko\u0142y Podstawowej nr. 1 w Budach \u0141a\u0144cuckich, serdecznie zapraszaj\u0105 na Jase\u0142ka, kt&oacute;re odb\u0119d\u0105 si\u0119 20 stycznia 2019 r. o godz. 16:00 w Domu Kultury w Budach \u0141a\u0144cuckich (Lewa strona).<\/li>\n<li>6. B&oacute;g zap\u0142a\u0107 osobom sprz\u0105taj\u0105cym i stroj\u0105cym ko\u015bci&oacute;\u0142 w tym tygodniu oraz sk\u0142adaj\u0105cym ofiary z racji kol\u0119dy i na ogrzewanie ko\u015bcio\u0142a.<\/li>\n<\/ol>\n<h3 style=\"text-align: center;\"><strong><span style=\"color: rgb(0, 0, 128);\">Intencje mszalne<\/span><\/strong><\/h3>\n<h4 style=\"text-align: center;\"><strong><span style=\"color: rgb(0, 0, 128);\">od 21 stycznia 2019 do 27 stycznia 2019<\/span><\/strong><\/h4>\n<h4><strong><br \/>\n\tGdyby zbyt d\u0142ugi czas nie by\u0142a og\u0142oszona zam&oacute;wiona intencja mszalna &ndash; prosimy o zg\u0142oszenie tego kap\u0142anowi.&nbsp; Zam&oacute;wiona intencja nie mo\u017ce zgin\u0105\u0107.<br \/>\n\t<\/strong><\/h4>\n<p><u><strong>Poniedzia\u0142ek &#8211; 21.1.<\/strong><\/u><br \/>\n\t1. + Aniela Bartnik ( greg.) <br \/>\n\t2. ++ Franciszka Stanis\u0142aw<br \/>\n\t3. + Jan Kurek od kol. z STALMONT <\/p>\n<p><u><strong>Wtorek &#8211; 22.1.<\/strong><\/u><br \/>\n\t1. + Aniela Bartnik ( greg.) <br \/>\n\t2. + Tadeusz Wo\u015b od wnuk&oacute;w<br \/>\n\t3. + Andrzej Cisek z \u017bo\u0142yni od kol. ROBOTNIK <\/p>\n<p><u><strong>\u015aroda &#8211; 23.1.<\/strong><\/u><br \/>\n\t1. + Aniela Bartnik (greg. pocz.) <br \/>\n\t2. ++ J&oacute;zef, Maria, Jan Katarzyna Bieleccy; Stefania, Franciszek, Renata, Tadeusz Nowak <br \/>\n\t3. + Ludwik Bartnik<\/p>\n<p><u><strong>Czwartek &#8211; 24.1<\/strong><\/u><br \/>\n\t1. + Aniela Bartnik (greg.)<br \/>\n\t2. ++ Maria, Stanis\u0142aw, Zbigniew Szular<br \/>\n\t3. + Stanis\u0142aw Socha od c. Wies\u0142awy z m\u0119\u017cem <\/p>\n<p>\t<u><strong>Pi\u0105tek &#8211; 25.1<\/strong><\/u><br \/>\n\t1. + Aniela Bartnik (greg.) <br \/>\n\t2. ++ Helena, Stanis\u0142awa, Franciszek Sowa<br \/>\n\t3. ++ Stanis\u0142aw Agata Kruk <\/p>\n<p><u><strong>Sobota &#8211; 26.1.<\/strong><\/u><br \/>\n\t1. + Aniela Bartnik ( greg.)<br \/>\n\t2. + Stanis\u0142aw Cebulak od prac. Gimnazjum <br \/>\n\t3. O zdrowie Antoniego<\/p>\n<p><u><strong>Niedziela &#8211; 27.1.<\/strong><\/u><br \/>\n\t6:30 1. ++ Franciszka, Stefania i Franciszek \u015awizdor 2. W int. Parafian <br \/>\n\t8:00 ++ Agata, Andrzej Por\u0119bny z W-wy <br \/>\n\t10:30 W int. Senior&oacute;w z Prawych Bud. <br \/>\n\t15:00 + Aniela Bartnik (greg.)<br \/>\n\t&nbsp;<\/p>\n<h3 style=\"text-align: center;\"><strong><strong><span style=\"color: rgb(0, 0, 128);\">Modlitw\u0119 r&oacute;\u017ca\u0144cow\u0105 prowadz\u0105<br \/>\n\t<\/span><\/strong><\/strong><\/h3>\n<p>21.P. R. \u015aw. Franciszka z Asy\u017cu &#8211; (Jan Nowak)<br \/>\n\t22.W.R. \u015aw. Genowefy &#8211; (Genowefa Dr\u0105\u017cek)<br \/>\n\t23.\u015a. R. \u015aw. Heleny &#8211; (Helena Dyrda)<br \/>\n\t24. C.R. \u015aw. Jadwigi Kr&oacute;lowej-Halina Dyrda<br \/>\n\t25.P. R. KSM <br \/>\n\t26.S. BMS<br \/>\n\t27.N.R. \u015aw. Katarzyny- (Anna Kurek)<\/p>\n<p>\t<strong>Wyznaczona R&oacute;\u017ca powinna czu\u0107 si\u0119 zobowi\u0105zana do obecno\u015bci i prowadzenia modlitwy r&oacute;\u017ca\u0144cowej.<\/strong><\/p>\n","protected":false},"excerpt":{"rendered":"<p>II Niedziela zwyk\u0142a &#8211; 20-01-2019 Og\u0142oszenia Dzi\u015b o godz. 15:00 nabo\u017ce\u0144stwo do Mi\u0142osierdzia Bo\u017cego, nast\u0119pnie Msza \u015bw. We wtorek spotkanie ministrant&oacute;w. We czwartek o godz. 16:00 adoracja Naj\u015bwi\u0119tszego Sakramentu. W &hellip; <a href=\"https:\/\/budy.przemyska.pl\/index.php\/2019\/01\/20\/ogloszenia-parafialne-20-01-2019\/\" class=\"more-link\">Czytaj dalej <span class=\"screen-reader-text\">Og\u0142oszenia parafialne 20-01-2019<\/span> <span class=\"meta-nav\">&rarr;<\/span><\/a><\/p>\n","protected":false},"author":1,"featured_media":0,"comment_status":"closed","ping_status":"closed","sticky":false,"template":"","format":"standard","meta":{"footnotes":""},"categories":[6,4],"tags":[],"class_list":["post-2647","post","type-post","status-publish","format-standard","hentry","category-aktualnosci","category-ogloszenia"],"_links":{"self":[{"href":"https:\/\/budy.przemyska.pl\/index.php\/wp-json\/wp\/v2\/posts\/2647","targetHints":{"allow":["GET"]}}],"collection":[{"href":"https:\/\/budy.przemyska.pl\/index.php\/wp-json\/wp\/v2\/posts"}],"about":[{"href":"https:\/\/budy.przemyska.pl\/index.php\/wp-json\/wp\/v2\/types\/post"}],"author":[{"embeddable":true,"href":"https:\/\/budy.przemyska.pl\/index.php\/wp-json\/wp\/v2\/users\/1"}],"replies":[{"embeddable":true,"href":"https:\/\/budy.przemyska.pl\/index.php\/wp-json\/wp\/v2\/comments?post=2647"}],"version-history":[{"count":0,"href":"https:\/\/budy.przemyska.pl\/index.php\/wp-json\/wp\/v2\/posts\/2647\/revisions"}],"wp:attachment":[{"href":"https:\/\/budy.przemyska.pl\/index.php\/wp-json\/wp\/v2\/media?parent=2647"}],"wp:term":[{"taxonomy":"category","embeddable":true,"href":"https:\/\/budy.przemyska.pl\/index.php\/wp-json\/wp\/v2\/categories?post=2647"},{"taxonomy":"post_tag","embeddable":true,"href":"https:\/\/budy.przemyska.pl\/index.php\/wp-json\/wp\/v2\/tags?post=2647"}],"curies":[{"name":"wp","href":"https:\/\/api.w.org\/{rel}","templated":true}]}}