{"id":2642,"date":"2019-01-13T07:45:14","date_gmt":"2019-01-13T06:45:14","guid":{"rendered":"http:\/\/www.budylancuckie.przemyska.pl\/?p=2642"},"modified":"2019-01-13T07:45:14","modified_gmt":"2019-01-13T06:45:14","slug":"ogloszenia-parafialne-13-01-2019","status":"publish","type":"post","link":"https:\/\/budy.przemyska.pl\/index.php\/2019\/01\/13\/ogloszenia-parafialne-13-01-2019\/","title":{"rendered":"Og\u0142oszenia parafialne 13-01-2019"},"content":{"rendered":"<h2 style=\"text-align: center;\"><strong><span style=\"color: rgb(0, 0, 128);\">Niedziela Chrztu Pa\u0144skiego &#8211; 13-01-2019<\/span><\/strong><\/h2>\n<h2 style=\"text-align: center;\"><strong><span style=\"color: rgb(0, 0, 128);\">Og\u0142oszenia<br \/>\n\t<\/span><\/strong><\/h2>\n<ol>\n<li>1.Dzi\u015b o 15:00 Nabo\u017ce\u0144stwo do Bo\u017cego Mi\u0142osierdzia i Msza \u015bw.<\/li>\n<li>W czwartek czcimy \u015bw. Antoniego opata.<\/li>\n<li>W sobot\u0119 czcimy \u015bw. J&oacute;zefa, Sebastiana Pelczara &ndash; biskupa<\/li>\n<li>W tym tygodniu rozpoczyna si\u0119 w Ko\u015bciele Tydzie\u0144 modlitw o zjednoczenie chrze\u015bcijan.<\/li>\n<\/ol>\n<h3 style=\"text-align: center;\"><strong><span style=\"color: rgb(0, 0, 128);\">Intencje mszalne<\/span><\/strong><\/h3>\n<h4 style=\"text-align: center;\"><strong><span style=\"color: rgb(0, 0, 128);\">od 14 stycznia 2019 do 20 stycznia 2019<\/span><\/strong><\/h4>\n<h4><strong><br \/>\n\tGdyby zbyt d\u0142ugi czas nie by\u0142a og\u0142oszona zam&oacute;wiona intencja mszalna &ndash; prosimy o zg\u0142oszenie tego kap\u0142anowi.&nbsp; Zam&oacute;wiona intencja nie mo\u017ce zgin\u0105\u0107.<br \/>\n\t<\/strong><\/h4>\n<p><u><strong>Poniedzia\u0142ek &#8211; 14.1.<\/strong><\/u><br \/>\n\t1. + Aniela Bartnik ( greg.)<br \/>\n\t2. ++ Franciszek Aniela Kojder (953)<br \/>\n\t3. ++ Weronika i Micha\u0142 Czech (907)<\/p>\n<p><u><strong>Wtorek &#8211; 15.1.<\/strong><\/u><br \/>\n\t1. + Aniela Bartnik ( greg.) <br \/>\n\t2. + Tadeusz Wo\u015b od rodziny (15) <br \/>\n\t3. + Jan Janusz od Emilii (826)<\/p>\n<p><u><strong>\u015aroda &#8211; 16.1.<\/strong><\/u><br \/>\n\t1. + Aniela Bartnik (greg. pocz.)<br \/>\n\t2. ++ Maria i W\u0142adys\u0142aw Kojder od r. Kurk&oacute;w (16)<br \/>\n\t3. ++ Anna i J&oacute;zef Cebulak(935)<\/p>\n<p><u><strong>Czwartek &#8211; 17.1<\/strong><\/u><br \/>\n\t1. + Aniela Bartnik (greg.)<br \/>\n\t2. ++ Maria i Stanis\u0142aw Pelc(17)<br \/>\n\t3. ++ Maria i Franciszek \u015alimak od c. Emilii (946)<\/p>\n<p>\t<u><strong>Pi\u0105tek &#8211; 18.1<\/strong><\/u><br \/>\n\t1. + Aniela Bartnik (greg.) <br \/>\n\t2. ++ Salomea i Jakub Wierzbiccy (18)<br \/>\n\t3. ++ Julia, Franciszek Bartnik, Jan i Marianna Dzier\u017cak(929)<\/p>\n<p><u><strong>Sobota &#8211; 19.1.<\/strong><\/u><br \/>\n\t1. + Aniela Bartnik ( greg.)<br \/>\n\t2. O zdr. i b\u0142og. B. dla Jana, za przyczyn\u0105 MB i B\u0142og. Jakuba Strzemi\u0119(950)<br \/>\n\t3. W intencji Bogu wiadomej (906)<\/p>\n<p><u><strong>Niedziela &#8211; 20.1.<\/strong><\/u><br \/>\n\t6:30 1. + Aniela Bartnik (greg.) 2. w int. parafian ()<br \/>\n\t8:00 Dzi\u0119k. i o b\u0142og. B. w 92 rocz. urodzin (20) <br \/>\n\t10:30 Dzi\u0119k. i o b\u0142og. B. w 35 rocz. \u015blubu Genowefy i Marka od dzieci (20) <br \/>\n\t15:00 + Franciszek Motyka (20)<br \/>\n\t&nbsp;<\/p>\n<h3 style=\"text-align: center;\"><strong><strong><span style=\"color: rgb(0, 0, 128);\">Modlitw\u0119 r&oacute;\u017ca\u0144cow\u0105 prowadz\u0105<br \/>\n\t<\/span><\/strong><\/strong><\/h3>\n<p>14.P.R. \u015aw. Agnieszki &#8211; (Krystyna Nykiel)<br \/>\n\t15.W.R. \u015aw. Andrzeja Aposto\u0142a-(J&oacute;zef M\u0105dry)<br \/>\n\t16.\u015a.R. B\u0142. Anieli Salawy-(Zofia Kojder)<br \/>\n\t17. C.R. \u015aw. Anny &#8211;(Karolina Benedyk)<br \/>\n\t18.P. R. KSM <br \/>\n\t19.S. \u015aw. El\u017cbiety- (Alina Trojnar)<br \/>\n\t10.N. R. \u015aw. Faustyny-(Eugenia \u015awizdor)<\/p>\n<p>\t<strong>Wyznaczona R&oacute;\u017ca powinna czu\u0107 si\u0119 zobowi\u0105zana do obecno\u015bci i prowadzenia modlitwy r&oacute;\u017ca\u0144cowej.<\/strong><\/p>\n<h3 style=\"text-align: center;\"><strong><strong><span style=\"color: rgb(0, 0, 128);\">Intencje oddane do Seminarium Duchownego w Przemy\u015blu<br \/>\n\t<\/span><\/strong><\/strong><\/h3>\n<p><strong>B\u0119d\u0105 odprawione w najbli\u017cszym czasie &ndash; stycze\u0144, luty. Pr\u0119dzej ni\u017c by\u0142oby to u nas.<br \/>\n\t<\/strong><\/p>\n<p>1.&nbsp;&nbsp;&nbsp; O b\u0142og. Bo\u017ce dla Zofii <br \/>\n\t2.&nbsp;&nbsp;&nbsp; + Marcin Rupar od koleg&oacute;w Klubu Brzeg &ndash; Bia\u0142obrzegi<br \/>\n\t3.&nbsp;&nbsp;&nbsp; +Marcin Rupar od wujka Roberta z rodz. <br \/>\n\t4.&nbsp;&nbsp;&nbsp; + Marcin Rupar od cioci El\u017cbiety z rodz.<br \/>\n\t5.&nbsp;&nbsp;&nbsp; + Marcin Rupar od kol. LKS Sitowianka &ndash;<br \/>\n\t6.&nbsp;&nbsp;&nbsp; + Marcin Rupar od Anny i Jana z Le\u017cajska,<br \/>\n\t7.&nbsp;&nbsp;&nbsp; + Marcin Rupar id r. Usowskich z Grodziska <br \/>\n\t8.&nbsp;&nbsp;&nbsp; + Marcin Rupar od r. Stopyra G.i Kaz.;<br \/>\n\t9.&nbsp;&nbsp;&nbsp; + Marcin Rupar od kuzyn&oacute;w Rafa\u0142a, Marcina, Jaros\u0142awa;<br \/>\n\t10.&nbsp;&nbsp;&nbsp; + Marcin Rupar od pracodawcy i wsp&oacute;\u0142prac.; <br \/>\n\t11.&nbsp;&nbsp;&nbsp; + Marcin Rupar od Chrzestnej z rodz.;<br \/>\n\t12.&nbsp;&nbsp;&nbsp; + Marcin Rupar od kuzyna Paw\u0142a z \u017con\u0105; <br \/>\n\t13.&nbsp;&nbsp;&nbsp; + Marcin Rupar od R. Wn\u0119k&oacute;w z Grodziska Now.;<br \/>\n\t14.&nbsp;&nbsp;&nbsp; + Marcin Rupar od cioci Krystyny z rodz. <br \/>\n\t15.&nbsp;&nbsp;&nbsp; + Marcin Rupar od wujka Krzysztofa z rodz.; <br \/>\n\t16.&nbsp;&nbsp;&nbsp; + Marcin Rupar od cioci Barbary z rodz.; <br \/>\n\t17.&nbsp;&nbsp;&nbsp; + Marcin Rupar od ojca chrzestnego z rodz.; <br \/>\n\t18.&nbsp;&nbsp;&nbsp; + Marcin Rupar od wujka Tadeusz z rodz.; <br \/>\n\t19.&nbsp;&nbsp;&nbsp; + Marcin Rupar od dziadk&oacute;w Moszkowicz&oacute;w; <br \/>\n\t20.&nbsp;&nbsp;&nbsp; + Marcin Rupar od r.Krupa-Jakubiec z Gr. N. <br \/>\n\t21.&nbsp;&nbsp;&nbsp; + Katarzyna Kulpa od prac. Gminy Bia\u0142ob. <br \/>\n\t22.&nbsp;&nbsp;&nbsp; + Katarzyna Kulpa od prac. Gminy Bia\u0142ob. <br \/>\n\t23.&nbsp;&nbsp;&nbsp; + Katarzyna Kulpa od prac. Gminy Bia\u0142ob. <br \/>\n\t24.&nbsp;&nbsp;&nbsp; + Katarzyna Kulpa od prac. Gminy Bia\u0142ob. <br \/>\n\t25.&nbsp;&nbsp;&nbsp; + Katarzyna Kulpa od prac. Gminy Bia\u0142ob. <br \/>\n\t26.&nbsp;&nbsp;&nbsp; + Katarzyna Kulpa od emeryt&oacute;w Gminy Bia\u0142ob. <br \/>\n\t27.&nbsp;&nbsp;&nbsp; + Katarzyna Kulpa od emeryt&oacute;w Gminy Bia\u0142ob. <br \/>\n\t28.&nbsp;&nbsp;&nbsp; + Katarzyna Kulpa od wnuka Mateusza;. <br \/>\n\t29.&nbsp;&nbsp;&nbsp; + Katarzyna Kulpa od wnuka Piotra <br \/>\n\t30. &nbsp;&nbsp; + Helena Dul\u0119ba od koleg&oacute;w s. Piotra<\/p>\n","protected":false},"excerpt":{"rendered":"<p>Niedziela Chrztu Pa\u0144skiego &#8211; 13-01-2019 Og\u0142oszenia 1.Dzi\u015b o 15:00 Nabo\u017ce\u0144stwo do Bo\u017cego Mi\u0142osierdzia i Msza \u015bw. W czwartek czcimy \u015bw. Antoniego opata. W sobot\u0119 czcimy \u015bw. J&oacute;zefa, Sebastiana Pelczara &ndash; &hellip; <a href=\"https:\/\/budy.przemyska.pl\/index.php\/2019\/01\/13\/ogloszenia-parafialne-13-01-2019\/\" class=\"more-link\">Czytaj dalej <span class=\"screen-reader-text\">Og\u0142oszenia parafialne 13-01-2019<\/span> <span class=\"meta-nav\">&rarr;<\/span><\/a><\/p>\n","protected":false},"author":1,"featured_media":0,"comment_status":"closed","ping_status":"closed","sticky":false,"template":"","format":"standard","meta":{"footnotes":""},"categories":[6,4],"tags":[],"class_list":["post-2642","post","type-post","status-publish","format-standard","hentry","category-aktualnosci","category-ogloszenia"],"_links":{"self":[{"href":"https:\/\/budy.przemyska.pl\/index.php\/wp-json\/wp\/v2\/posts\/2642","targetHints":{"allow":["GET"]}}],"collection":[{"href":"https:\/\/budy.przemyska.pl\/index.php\/wp-json\/wp\/v2\/posts"}],"about":[{"href":"https:\/\/budy.przemyska.pl\/index.php\/wp-json\/wp\/v2\/types\/post"}],"author":[{"embeddable":true,"href":"https:\/\/budy.przemyska.pl\/index.php\/wp-json\/wp\/v2\/users\/1"}],"replies":[{"embeddable":true,"href":"https:\/\/budy.przemyska.pl\/index.php\/wp-json\/wp\/v2\/comments?post=2642"}],"version-history":[{"count":0,"href":"https:\/\/budy.przemyska.pl\/index.php\/wp-json\/wp\/v2\/posts\/2642\/revisions"}],"wp:attachment":[{"href":"https:\/\/budy.przemyska.pl\/index.php\/wp-json\/wp\/v2\/media?parent=2642"}],"wp:term":[{"taxonomy":"category","embeddable":true,"href":"https:\/\/budy.przemyska.pl\/index.php\/wp-json\/wp\/v2\/categories?post=2642"},{"taxonomy":"post_tag","embeddable":true,"href":"https:\/\/budy.przemyska.pl\/index.php\/wp-json\/wp\/v2\/tags?post=2642"}],"curies":[{"name":"wp","href":"https:\/\/api.w.org\/{rel}","templated":true}]}}