{"id":2637,"date":"2019-01-05T18:50:47","date_gmt":"2019-01-05T17:50:47","guid":{"rendered":"http:\/\/www.budylancuckie.przemyska.pl\/?p=2637"},"modified":"2019-01-05T18:50:47","modified_gmt":"2019-01-05T17:50:47","slug":"ogloszenia-parafialne-06-01-2019","status":"publish","type":"post","link":"https:\/\/budy.przemyska.pl\/index.php\/2019\/01\/05\/ogloszenia-parafialne-06-01-2019\/","title":{"rendered":"Og\u0142oszenia parafialne 06-01-2019"},"content":{"rendered":"<h2 style=\"text-align: center;\"><strong><span style=\"color: rgb(0, 0, 128);\">Objawienie Pa\u0144skie &#8211; 06-01-2019<\/span><\/strong><\/h2>\n<h2 style=\"text-align: center;\"><strong><span style=\"color: rgb(0, 0, 128);\">Og\u0142oszenia<br \/>\n\t<\/span><\/strong><\/h2>\n<ol>\n<li>Dzisiaj o 15:00 Nabo\u017ce\u0144stwo do Bo\u017cego Mi\u0142osierdzia i Msza \u015bw.<\/li>\n<li>W czwartek o 16:00 adoracja Naj\u015bwi\u0119tszego Sakramentu, i Msza \u015bw.<\/li>\n<li>W przysz\u0142\u0105 niedziel\u0119 \u015awi\u0119to Chrztu Pa\u0144skiego.<br \/>\n\t\t.<\/li>\n<\/ol>\n<h2 style=\"text-align: center;\"><strong><span style=\"color: rgb(0, 0, 128);\">Wizyta duszpasterska 2018\/2019 r. ci\u0105g dalszy<br \/>\n\t<\/span><\/strong><\/h2>\n<p><strong>Poniedzia\u0142ek 7 stycznia<\/strong><br \/>\n\t<strong> Od 8:30: <\/strong>domy po lewej stronie drogi od J. Kr&oacute;la do Rudzie\u0144ca: 316,317, 317a,319 a, 320, 321,322,323,324, 325p,326,327,328,328,330p, 330d, 307f-p, 307e,307c,306,306a, 306c,305c, 305b,a, 331,331a,334a,303,304p, ,308,310,312,312a ,313,313a,314a,315p ,271cp,272b,272, 272c,271, 268,267.<br \/>\n\t<strong>Od 14:00 Drugi ks.<\/strong> od Nr-u 267 do spotkania z ks. proboszczem<\/p>\n<p><strong>\u015aroda 9 stycznia<\/strong><br \/>\n\t<strong>Od 8:30:<\/strong> Kmiecie od 203a &ndash; 209 &ndash; z Korniaktowa: N-ry 16,17,18,15,14,18a 25, i dalszy ci\u0105g Kmieci -210, 211, 212,213, 214. Nr.34, 35, , 36, 36a, 32,30a,29a,29,28,27,26, 25a, 22,24,23,= 39.<br \/>\n\t<strong>Od14:00:<\/strong> Korniakt&oacute;w domy od drogi w kierunku Wis\u0142oka do granicy z Bia\u0142obrzegami:123,124,126,127,128,54,54a,84,85,86,87,87a,88,89, 89a,96, 96a,<\/p>\n<p><strong>Pi\u0105tek 11 stycznia<\/strong><br \/>\n\t<strong>8:30<\/strong> Korniakt&oacute;w od Nr.13 -1-121 &ndash; 102 &ndash; do Nr. 99,&#8230;. 98 i 436f,435e,477. Kap\u0142ani rozpoczn\u0105 &ndash; jeden od Nr.13, drugi od 436e do spotkania.<\/p>\n<p><u>Ofiary z racji kol\u0119dy sk\u0142adamy tylko w ko\u015bciele w kopertach, tak jak w poprzednich latach. <br \/>\n\t<\/u><\/p>\n<h3 style=\"text-align: center;\"><strong><span style=\"color: rgb(0, 0, 128);\">Intencje mszalne<\/span><\/strong><\/h3>\n<h4 style=\"text-align: center;\"><strong><span style=\"color: rgb(0, 0, 128);\">od 7 stycznia 2019 do 13 stycznia 2019<\/span><\/strong><\/h4>\n<h4><strong><br \/>\n\tGdyby zbyt d\u0142ugi czas nie by\u0142a og\u0142oszona zam&oacute;wiona intencja mszalna &ndash; prosimy o zg\u0142oszenie tego kap\u0142anowi.&nbsp; Zam&oacute;wiona intencja nie mo\u017ce zgin\u0105\u0107.<br \/>\n\t<\/strong><\/h4>\n<p><u><strong>Poniedzia\u0142ek &#8211; 7.1.<\/strong><\/u><br \/>\n\t1. + Aniela Bartnik ( greg.)<br \/>\n\t2. + Eugeniusz Pelc (979)<br \/>\n\t3. + Stefania Bester (980)<\/p>\n<p><u><strong>Wtorek &#8211; 8.1.<\/strong><\/u><br \/>\n\t1. + Aniela Bartnik ( greg.) Stanis\u0142aw Salwach(853)<br \/>\n\t2. + Helena Dul\u0119ba od s\u0105siad&oacute;w (917) <br \/>\n\t3. ++ J&oacute;zef, W\u0142adys\u0142awa Kurek, Maria Golenia (882)<\/p>\n<p><u><strong>\u015aroda &#8211; 9.1.<\/strong><\/u><br \/>\n\t1. + Aniela Bartnik (greg. pocz.)<br \/>\n\t2. ++ Stanis\u0142awa, W\u0142adys\u0142aw Blok i zm. z rodz. (9)<br \/>\n\t3. O \u0141aski i b\u0142ogos\u0142aw. Bo\u017ce w 30 r. urodzin (9)<\/p>\n<p><u><strong>Czwartek &#8211; 10.1<\/strong><\/u><br \/>\n\t1. + Aniela Bartnik (greg.)<br \/>\n\t2. + Jan \u015awizdor(10)<br \/>\n\t3. ++ Stefania, Albina Ciupi\u0144ska i zm. z rodz. (951)<\/p>\n<p>\t<u><strong>Pi\u0105tek &#8211; 11.1<\/strong><\/u><br \/>\n\t1. + Aniela Bartnik (greg.) <br \/>\n\t2. ++ W\u0142adys\u0142aw i Katarzyna Hejnosz (943)<br \/>\n\t3. ++ Maria i W\u0142adys\u0142aw \u015awizdor<\/p>\n<p><u><strong>Sobota &#8211; 12.1.<\/strong><\/u><br \/>\n\t1. + Aniela Bartnik ( greg.)<br \/>\n\t2. + Maria Kojder od r. Kojder Dajczak (962)<br \/>\n\t3. + Aurelia, Teresa Gromelska (949)<\/p>\n<p><u><strong>Niedziela &#8211; 13.1.<\/strong><\/u><br \/>\n\t6:30 + Maria Golenia (13)<br \/>\n\t8:00 Dzi\u0119k. i o b\u0142og. B. dla Karola w 18 r. ur. (13) <br \/>\n\t10:30 W intencji parafian, int. Senior&oacute;w z Korniaktowa P\u0142n. <br \/>\n\t15:00 + Aniela Bartnik (greg.)<br \/>\n\t&nbsp;<\/p>\n<h3 style=\"text-align: center;\"><strong><strong><span style=\"color: rgb(0, 0, 128);\">Modlitw\u0119 r&oacute;\u017ca\u0144cow\u0105 prowadz\u0105:<br \/>\n\t<\/span><\/strong><\/strong><\/h3>\n<p>07.P.R. \u015aw. Teresy od Dzieci\u0105tka Jezus &#8211; (D. Dzierga)<br \/>\n\t08.W.R. \u015aw. Teresy Wielkiej &#8211; (Zofia Wierzbicka)<br \/>\n\t09.\u015a.R. \u015aw. Tomasza Aposto\u0142a &#8211; (Stanis\u0142aw \u015alimak)<br \/>\n\t10. C.R. \u015aw. Zofii &#8211; (Zofia Kurek)<br \/>\n\t11.P. R. KSM12.S. \u015aw. Agaty- (Patrycja Por\u0119bna)<br \/>\n\t13.N. R. Akcja Katolicka.<\/p>\n<p>\t<strong>Wyznaczona R&oacute;\u017ca powinna czu\u0107 si\u0119 zobowi\u0105zana do obecno\u015bci i prowadzenia modlitwy r&oacute;\u017ca\u0144cowej.<\/strong><\/p>\n","protected":false},"excerpt":{"rendered":"<p>Objawienie Pa\u0144skie &#8211; 06-01-2019 Og\u0142oszenia Dzisiaj o 15:00 Nabo\u017ce\u0144stwo do Bo\u017cego Mi\u0142osierdzia i Msza \u015bw. W czwartek o 16:00 adoracja Naj\u015bwi\u0119tszego Sakramentu, i Msza \u015bw. W przysz\u0142\u0105 niedziel\u0119 \u015awi\u0119to Chrztu &hellip; <a href=\"https:\/\/budy.przemyska.pl\/index.php\/2019\/01\/05\/ogloszenia-parafialne-06-01-2019\/\" class=\"more-link\">Czytaj dalej <span class=\"screen-reader-text\">Og\u0142oszenia parafialne 06-01-2019<\/span> <span class=\"meta-nav\">&rarr;<\/span><\/a><\/p>\n","protected":false},"author":1,"featured_media":0,"comment_status":"closed","ping_status":"closed","sticky":false,"template":"","format":"standard","meta":{"footnotes":""},"categories":[6,4],"tags":[],"class_list":["post-2637","post","type-post","status-publish","format-standard","hentry","category-aktualnosci","category-ogloszenia"],"_links":{"self":[{"href":"https:\/\/budy.przemyska.pl\/index.php\/wp-json\/wp\/v2\/posts\/2637","targetHints":{"allow":["GET"]}}],"collection":[{"href":"https:\/\/budy.przemyska.pl\/index.php\/wp-json\/wp\/v2\/posts"}],"about":[{"href":"https:\/\/budy.przemyska.pl\/index.php\/wp-json\/wp\/v2\/types\/post"}],"author":[{"embeddable":true,"href":"https:\/\/budy.przemyska.pl\/index.php\/wp-json\/wp\/v2\/users\/1"}],"replies":[{"embeddable":true,"href":"https:\/\/budy.przemyska.pl\/index.php\/wp-json\/wp\/v2\/comments?post=2637"}],"version-history":[{"count":0,"href":"https:\/\/budy.przemyska.pl\/index.php\/wp-json\/wp\/v2\/posts\/2637\/revisions"}],"wp:attachment":[{"href":"https:\/\/budy.przemyska.pl\/index.php\/wp-json\/wp\/v2\/media?parent=2637"}],"wp:term":[{"taxonomy":"category","embeddable":true,"href":"https:\/\/budy.przemyska.pl\/index.php\/wp-json\/wp\/v2\/categories?post=2637"},{"taxonomy":"post_tag","embeddable":true,"href":"https:\/\/budy.przemyska.pl\/index.php\/wp-json\/wp\/v2\/tags?post=2637"}],"curies":[{"name":"wp","href":"https:\/\/api.w.org\/{rel}","templated":true}]}}