{"id":2635,"date":"2019-01-05T18:42:42","date_gmt":"2019-01-05T17:42:42","guid":{"rendered":"http:\/\/www.budylancuckie.przemyska.pl\/?p=2635"},"modified":"2019-01-05T18:42:42","modified_gmt":"2019-01-05T17:42:42","slug":"spotkanie-oplatkowe-ksm-201819","status":"publish","type":"post","link":"https:\/\/budy.przemyska.pl\/index.php\/2019\/01\/05\/spotkanie-oplatkowe-ksm-201819\/","title":{"rendered":"Spotkanie op\u0142atkowe KSM 2018\/19"},"content":{"rendered":"<div class=\"fb-post\" data-href=\"https:\/\/www.facebook.com\/KSMBudy\/posts\/2226386120982560\" data-show-text=\"true\" data-width=\"600\">\n<blockquote cite=\"https:\/\/www.facebook.com\/KSMBudy\/posts\/2226386120982560\" class=\"fb-xfbml-parse-ignore\">\n<p>Dzisiejszego wieczoru w naszym oddziale odby\u0142o si\u0119 spotkanie op\u0142atkowe. Nie zabrak\u0142o sk\u0142adania \u017cycze\u0144, \u015bpiewania kol\u0119d, czy tradycyjnego barszczu i pierog&oacute;w. Bardzo mi\u0142o sp\u0119dzili\u015bmy ten czas. \ud83d\ude00<\/p>\n<p>\t\tOpublikowany przez <a href=\"https:\/\/www.facebook.com\/KSMBudy\/\">KSM &#8211; oddzia\u0142 w Budach \u0141a\u0144cuckich<\/a>&nbsp;<a href=\"https:\/\/www.facebook.com\/KSMBudy\/posts\/2226386120982560\">Niedziela, 30 grudnia 2018<\/a><\/p><\/blockquote>\n<\/div>\n","protected":false},"excerpt":{"rendered":"<p>Dzisiejszego wieczoru w naszym oddziale odby\u0142o si\u0119 spotkanie op\u0142atkowe. Nie zabrak\u0142o sk\u0142adania \u017cycze\u0144, \u015bpiewania kol\u0119d, czy tradycyjnego barszczu i pierog&oacute;w. Bardzo mi\u0142o sp\u0119dzili\u015bmy ten czas. \ud83d\ude00 Opublikowany przez KSM &#8211; &hellip; <a href=\"https:\/\/budy.przemyska.pl\/index.php\/2019\/01\/05\/spotkanie-oplatkowe-ksm-201819\/\" class=\"more-link\">Czytaj dalej <span class=\"screen-reader-text\">Spotkanie op\u0142atkowe KSM 2018\/19<\/span> <span class=\"meta-nav\">&rarr;<\/span><\/a><\/p>\n","protected":false},"author":1,"featured_media":0,"comment_status":"closed","ping_status":"closed","sticky":false,"template":"","format":"standard","meta":{"footnotes":""},"categories":[6],"tags":[],"class_list":["post-2635","post","type-post","status-publish","format-standard","hentry","category-aktualnosci"],"_links":{"self":[{"href":"https:\/\/budy.przemyska.pl\/index.php\/wp-json\/wp\/v2\/posts\/2635","targetHints":{"allow":["GET"]}}],"collection":[{"href":"https:\/\/budy.przemyska.pl\/index.php\/wp-json\/wp\/v2\/posts"}],"about":[{"href":"https:\/\/budy.przemyska.pl\/index.php\/wp-json\/wp\/v2\/types\/post"}],"author":[{"embeddable":true,"href":"https:\/\/budy.przemyska.pl\/index.php\/wp-json\/wp\/v2\/users\/1"}],"replies":[{"embeddable":true,"href":"https:\/\/budy.przemyska.pl\/index.php\/wp-json\/wp\/v2\/comments?post=2635"}],"version-history":[{"count":0,"href":"https:\/\/budy.przemyska.pl\/index.php\/wp-json\/wp\/v2\/posts\/2635\/revisions"}],"wp:attachment":[{"href":"https:\/\/budy.przemyska.pl\/index.php\/wp-json\/wp\/v2\/media?parent=2635"}],"wp:term":[{"taxonomy":"category","embeddable":true,"href":"https:\/\/budy.przemyska.pl\/index.php\/wp-json\/wp\/v2\/categories?post=2635"},{"taxonomy":"post_tag","embeddable":true,"href":"https:\/\/budy.przemyska.pl\/index.php\/wp-json\/wp\/v2\/tags?post=2635"}],"curies":[{"name":"wp","href":"https:\/\/api.w.org\/{rel}","templated":true}]}}