{"id":2630,"date":"2018-12-30T11:07:01","date_gmt":"2018-12-30T10:07:01","guid":{"rendered":"http:\/\/www.budylancuckie.przemyska.pl\/?p=2630"},"modified":"2018-12-30T11:07:01","modified_gmt":"2018-12-30T10:07:01","slug":"ogloszenia-parafialne-30-12-2018","status":"publish","type":"post","link":"https:\/\/budy.przemyska.pl\/index.php\/2018\/12\/30\/ogloszenia-parafialne-30-12-2018\/","title":{"rendered":"Og\u0142oszenia parafialne 30-12-2018"},"content":{"rendered":"<h2 style=\"text-align: center;\"><strong><span style=\"color: rgb(0, 0, 128);\">NIEDZIELA \u015aWI\u0118TEJ RODZINY &#8211; 30-12-2018<\/span><\/strong><\/h2>\n<h2 style=\"text-align: center;\"><strong><span style=\"color: rgb(0, 0, 128);\">Og\u0142oszenia<br \/>\n\t<\/span><\/strong><\/h2>\n<ol>\n<li>Jutro o 15:00 Msza \u015bw. i nab. na podzi\u0119kowanie Starego Roku &ndash; zapraszamy wszystkich.<\/li>\n<li>We wtorek Nowy Rok &ndash; \u015awi\u0119tej Bo\u017cej Rodzicielki Maryi &ndash; Msze \u015bw. tak jak a niedziele.<\/li>\n<li>W tym tygodniu pierwszy czwartek z adoracj\u0105 o 16:00; p. pi\u0105tek z Komuni\u0105 \u015bw. dla chorych po rannej Mszy \u015bw.; i pierwsza sobota miesi\u0105ca o 16:30 &ndash; Komuni\u0119 \u015bw. w te dni ofiarujemy na wynagrodzenie Sercu Jezusowego w pi\u0105tek, a w sobot\u0119 Niepokalanemu Sercu Maryi<\/li>\n<li>W przysz\u0142\u0105 niedziel\u0119 Uroczysto\u015b\u0107 Objawienia Pa\u0144skiego &ndash; Trzech Kr&oacute;li, na sumie po\u015bwi\u0119cenie kadzid\u0142a i kredy &ndash; Msze \u015bw. tak jak w niedziele.<\/li>\n<\/ol>\n<h2 style=\"text-align: center;\"><strong><span style=\"color: rgb(0, 0, 128);\">Wizyta duszpasterska 2018 r. ci\u0105g dalszy<br \/>\n\t<\/span><\/strong><\/h2>\n<p><strong>\u015aroda 2 stycznia od 8:30 <br \/>\n\t1. Mikulice &ndash; Bi\u0142goraj <\/strong>-56b,56 i 56a, 82,81,80,79,79b,79a,78,77a,77,76, 75,74a,74, 73,72,70,68a, 68, 69, 60, 61, 61a, 62, 63, 64, 67, 66, 230, 228, 226, 225a, 224, 225, 223,222, 221a,221b,221, 220c, 220, 219, 218 <br \/>\n\t<strong>2. BUDY <\/strong>227- <strong>Korniakt&oacute;w<\/strong>: 38,39,39a,41,42,42a,43 a, 44,45,45c,45a,45b,46,47,48,49a, 49,49c,49c,50,50a,51a,52,52a,53,53a<\/p>\n<p><strong>Sobota 5 stycznia od 8:30 <\/strong><br \/>\n\t<strong>1. Pod g&oacute;r\u0105 &ndash; Pasieka<\/strong> 217,242,240,235,236,238,243,244,245,247, 248,249, 251,252,254,255,255,255A,255b,256256, 259,257a,260,261,261a, 264, 265,266, 266,276,275b,275a,275,272a,270b,270,270a,270c.<br \/>\n\t<strong>2. Od Drogi do Wis\u0142oka do szko\u0142y. <\/strong>286c, 286d, 286, 280,280a,280b,281,282,.278, 279,277,476,476a,477,479,284. 283,285, 293, 294, 294a. 295,299,300,300a,301 .302,289, 288a,288, 287.286b,286a. <\/p>\n<p><u>Ofiary z racji kol\u0119dy sk\u0142adamy tylko w ko\u015bciele w kopertach, tak jak w poprzednich latach. <br \/>\n\t<\/u><\/p>\n<h3 style=\"text-align: center;\"><strong><span style=\"color: rgb(0, 0, 128);\">Intencje mszalne<\/span><\/strong><\/h3>\n<h4 style=\"text-align: center;\"><strong><span style=\"color: rgb(0, 0, 128);\">od 31 grudnia 2018 do 6 stycznia 2019<\/span><\/strong><\/h4>\n<h4><strong><br \/>\n\tGdyby zbyt d\u0142ugi czas nie by\u0142a og\u0142oszona zam&oacute;wiona intencja mszalna &ndash; prosimy o zg\u0142oszenie tego kap\u0142anowi.&nbsp; Czasem zdarza si\u0119 nam co\u015b przegapi\u0107 &ndash; za co przepraszamy.&nbsp; Zam&oacute;wiona intencja nie mo\u017ce zgin\u0105\u0107.<br \/>\n\t<\/strong><\/h4>\n<p><u><strong>Poniedzia\u0142ek &#8211; 31.12.<\/strong><\/u><br \/>\n\t1. + Jan Kurek ( greg.)<br \/>\n\t2. + Salomea, W\u0142adys\u0142aw Mach i ich rodzice (960)<br \/>\n\t3. Dzi\u0119kczynno-przeb\u0142agalna od parafian( 0)<\/p>\n<p><u><strong>Wtorek &#8211; 1.1.<\/strong><\/u><br \/>\n\t6:30 + Stanis\u0142aw Salwach(853) <br \/>\n\t8:00 + Stanis\u0142aw Socha od s\u0105siad&oacute;w c. Genowefy (868) <br \/>\n\t10:30 W int.parafian () <br \/>\n\t15:00 + Jan Kurek ( greg.)<\/p>\n<p><u><strong>\u015aroda &#8211; 2.1.<\/strong><\/u><br \/>\n\t1. + Aniela Bartnik (greg. pocz.)<br \/>\n\t2. ++ Weronika, Wincenty, Stanis\u0142aw Bieleccy (2)<br \/>\n\t3. + Stanis\u0142aw Wojtyna (2)<\/p>\n<p><u><strong>Czwartek &#8211; 3.1<\/strong><\/u><br \/>\n\t1. + Aniela Bartnik (greg.) <br \/>\n\t2. ++ Jan, Cecylia, Wies\u0142aw Kojder (841)<br \/>\n\t3. ++ Tomasz, Agata Kruk (830)<\/p>\n<p>\t<u><strong>Pi\u0105tek &#8211; 4.1<\/strong><\/u><br \/>\n\t1. + Aniela Bartnik (greg.) <br \/>\n\t2. ++ Stanis\u0142aw, Dariusz Cebulak od r. \u015awizdor (4)<br \/>\n\t3. + Cecylia Miara od s. Janusza z rodz. (706)<\/p>\n<p><u><strong>Sobota &#8211; 5.1.<\/strong><\/u><br \/>\n\t1. + Aniela Bartnik ( greg.)<br \/>\n\t2. ++ Magdalena, Stanis\u0142aw, Stefan, Jan Kojder (5)<br \/>\n\t3. + Jan, Maria, J&oacute;zef Blok (5)<\/p>\n<p><u><strong>Niedziela &#8211; 6.1.<\/strong><\/u><br \/>\n\t6:30 + W\u0142adys\u0142aw Sobu\u015b (6) <br \/>\n\t8:00 W int. Senior&oacute;w z Bud \u0141.L. (6)<br \/>\n\t10:30 W intencji parafian ()<br \/>\n\t15:00 + Aniela Bartnik (greg.)<br \/>\n\t&nbsp;<\/p>\n<h3 style=\"text-align: center;\"><strong><strong><span style=\"color: rgb(0, 0, 128);\">Modlitw\u0119 r&oacute;\u017ca\u0144cow\u0105 prowadz\u0105:<br \/>\n\t<\/span><\/strong><\/strong><\/h3>\n<p>31.P.R. Matki Bo\u017cej Bolesnej &#8211; (G. Bartnik)<br \/>\n\t01.W.R. Matki Bo\u017cej R&oacute;\u017c. &#8211; (Zofia \u015awizdor) <br \/>\n\t02.\u015a.R. Matki Bo\u017cej Szkapl.- (M. K\u0142os) <br \/>\n\t03. C.R. \u015aw. Stanis\u0142awa biskupa &#8211; (Fr. Bartnik)<br \/>\n\t04.P. R. KSM<br \/>\n\t05.S. kap\u0142an<br \/>\n\t06.N. R. \u015aw. Tomasza Ap. &#8211; (ST. \u015alimak)<\/p>\n<p>\t<strong>Wyznaczona R&oacute;\u017ca powinna czu\u0107 si\u0119 zobowi\u0105zana do obecno\u015bci i prowadzenia modlitwy r&oacute;\u017ca\u0144cowej.<\/strong><\/p>\n","protected":false},"excerpt":{"rendered":"<p>NIEDZIELA \u015aWI\u0118TEJ RODZINY &#8211; 30-12-2018 Og\u0142oszenia Jutro o 15:00 Msza \u015bw. i nab. na podzi\u0119kowanie Starego Roku &ndash; zapraszamy wszystkich. We wtorek Nowy Rok &ndash; \u015awi\u0119tej Bo\u017cej Rodzicielki Maryi &ndash; &hellip; <a href=\"https:\/\/budy.przemyska.pl\/index.php\/2018\/12\/30\/ogloszenia-parafialne-30-12-2018\/\" class=\"more-link\">Czytaj dalej <span class=\"screen-reader-text\">Og\u0142oszenia parafialne 30-12-2018<\/span> <span class=\"meta-nav\">&rarr;<\/span><\/a><\/p>\n","protected":false},"author":1,"featured_media":0,"comment_status":"closed","ping_status":"closed","sticky":false,"template":"","format":"standard","meta":{"footnotes":""},"categories":[6,4],"tags":[],"class_list":["post-2630","post","type-post","status-publish","format-standard","hentry","category-aktualnosci","category-ogloszenia"],"_links":{"self":[{"href":"https:\/\/budy.przemyska.pl\/index.php\/wp-json\/wp\/v2\/posts\/2630","targetHints":{"allow":["GET"]}}],"collection":[{"href":"https:\/\/budy.przemyska.pl\/index.php\/wp-json\/wp\/v2\/posts"}],"about":[{"href":"https:\/\/budy.przemyska.pl\/index.php\/wp-json\/wp\/v2\/types\/post"}],"author":[{"embeddable":true,"href":"https:\/\/budy.przemyska.pl\/index.php\/wp-json\/wp\/v2\/users\/1"}],"replies":[{"embeddable":true,"href":"https:\/\/budy.przemyska.pl\/index.php\/wp-json\/wp\/v2\/comments?post=2630"}],"version-history":[{"count":0,"href":"https:\/\/budy.przemyska.pl\/index.php\/wp-json\/wp\/v2\/posts\/2630\/revisions"}],"wp:attachment":[{"href":"https:\/\/budy.przemyska.pl\/index.php\/wp-json\/wp\/v2\/media?parent=2630"}],"wp:term":[{"taxonomy":"category","embeddable":true,"href":"https:\/\/budy.przemyska.pl\/index.php\/wp-json\/wp\/v2\/categories?post=2630"},{"taxonomy":"post_tag","embeddable":true,"href":"https:\/\/budy.przemyska.pl\/index.php\/wp-json\/wp\/v2\/tags?post=2630"}],"curies":[{"name":"wp","href":"https:\/\/api.w.org\/{rel}","templated":true}]}}