{"id":2623,"date":"2018-12-23T12:38:11","date_gmt":"2018-12-23T11:38:11","guid":{"rendered":"http:\/\/www.budylancuckie.przemyska.pl\/?p=2623"},"modified":"2018-12-23T12:38:11","modified_gmt":"2018-12-23T11:38:11","slug":"zyczenia-na-uroczystosc-bozego-narodzenia-2018","status":"publish","type":"post","link":"https:\/\/budy.przemyska.pl\/index.php\/2018\/12\/23\/zyczenia-na-uroczystosc-bozego-narodzenia-2018\/","title":{"rendered":"\u017byczenia na Uroczysto\u015b\u0107 Bo\u017cego Narodzenia 2018"},"content":{"rendered":"<p style=\"text-align: justify;\">[singlepic id=1838 w=600 h=500 float=center] Z okazji \u015awi\u0105t Uroczysto\u015bci Bo\u017cego Narodzenia, sk\u0142adamy wszystkim Parafianom oraz Go\u015bciom, najserdeczniejsze \u017cyczenia: Rado\u015bci i Pokoju, kt&oacute;re przynosi Nowonarodzone Dzieci\u0119. Niech Mi\u0142o\u015b\u0107 i Zgoda panuj\u0105 w naszych domach, rodzinach, s\u0105siedztwie. \u017byczymy r&oacute;wnie\u017c zdrowia i wszelkiej pomy\u015blno\u015bci w Nowym Roku 2019 r.<\/p>\n","protected":false},"excerpt":{"rendered":"<p>[singlepic id=1838 w=600 h=500 float=center] Z okazji \u015awi\u0105t Uroczysto\u015bci Bo\u017cego Narodzenia, sk\u0142adamy wszystkim Parafianom oraz Go\u015bciom, najserdeczniejsze \u017cyczenia: Rado\u015bci i Pokoju, kt&oacute;re przynosi Nowonarodzone Dzieci\u0119. Niech Mi\u0142o\u015b\u0107 i Zgoda panuj\u0105 &hellip; <a href=\"https:\/\/budy.przemyska.pl\/index.php\/2018\/12\/23\/zyczenia-na-uroczystosc-bozego-narodzenia-2018\/\" class=\"more-link\">Czytaj dalej <span class=\"screen-reader-text\">\u017byczenia na Uroczysto\u015b\u0107 Bo\u017cego Narodzenia 2018<\/span> <span class=\"meta-nav\">&rarr;<\/span><\/a><\/p>\n","protected":false},"author":1,"featured_media":0,"comment_status":"closed","ping_status":"closed","sticky":false,"template":"","format":"standard","meta":{"footnotes":""},"categories":[6],"tags":[],"class_list":["post-2623","post","type-post","status-publish","format-standard","hentry","category-aktualnosci"],"_links":{"self":[{"href":"https:\/\/budy.przemyska.pl\/index.php\/wp-json\/wp\/v2\/posts\/2623","targetHints":{"allow":["GET"]}}],"collection":[{"href":"https:\/\/budy.przemyska.pl\/index.php\/wp-json\/wp\/v2\/posts"}],"about":[{"href":"https:\/\/budy.przemyska.pl\/index.php\/wp-json\/wp\/v2\/types\/post"}],"author":[{"embeddable":true,"href":"https:\/\/budy.przemyska.pl\/index.php\/wp-json\/wp\/v2\/users\/1"}],"replies":[{"embeddable":true,"href":"https:\/\/budy.przemyska.pl\/index.php\/wp-json\/wp\/v2\/comments?post=2623"}],"version-history":[{"count":0,"href":"https:\/\/budy.przemyska.pl\/index.php\/wp-json\/wp\/v2\/posts\/2623\/revisions"}],"wp:attachment":[{"href":"https:\/\/budy.przemyska.pl\/index.php\/wp-json\/wp\/v2\/media?parent=2623"}],"wp:term":[{"taxonomy":"category","embeddable":true,"href":"https:\/\/budy.przemyska.pl\/index.php\/wp-json\/wp\/v2\/categories?post=2623"},{"taxonomy":"post_tag","embeddable":true,"href":"https:\/\/budy.przemyska.pl\/index.php\/wp-json\/wp\/v2\/tags?post=2623"}],"curies":[{"name":"wp","href":"https:\/\/api.w.org\/{rel}","templated":true}]}}