{"id":2621,"date":"2018-12-23T12:20:23","date_gmt":"2018-12-23T11:20:23","guid":{"rendered":"http:\/\/www.budylancuckie.przemyska.pl\/?p=2621"},"modified":"2018-12-23T12:20:23","modified_gmt":"2018-12-23T11:20:23","slug":"ogloszenia-parafialne-23-12-2018","status":"publish","type":"post","link":"https:\/\/budy.przemyska.pl\/index.php\/2018\/12\/23\/ogloszenia-parafialne-23-12-2018\/","title":{"rendered":"Og\u0142oszenia parafialne 23-12-2018"},"content":{"rendered":"<h2 style=\"text-align: center;\"><strong><span style=\"color: rgb(0, 0, 128);\">IV NIEDZIELA ADWENTU &#8211; 23-12-2018<\/span><\/strong><\/h2>\n<h2 style=\"text-align: center;\"><strong><span style=\"color: rgb(0, 0, 128);\">Og\u0142oszenia<br \/>\n\t<\/span><\/strong><\/h2>\n<ol>\n<li>Dzi\u015b o godz. 15:00 nabo\u017ce\u0144stwo do Mi\u0142osierdzia Bo\u017cego i Msza \u015bw.<\/li>\n<li>Jutro Wigilia Bo\u017cego Narodzenia. Msza \u015bw. rano o godz. 7:00. Wieczorem Mszy \u015bw. nie b\u0119dzie. Wieczorem wieczerza wigilijna, kt&oacute;r\u0105 rozpoczniemy modlitw\u0105, odczytaniem Ewangelii o Narodzeniu Jezusa w Betlejem, dzielimy si\u0119 op\u0142atkiem, sk\u0142adaj\u0105c \u017cyczenia, \u015bpiewamy kol\u0119dy. O p&oacute;\u0142nocy Pasterka, na kt&oacute;r\u0105 serdecznie wszystkich zapraszamy..<\/li>\n<li>We wtorek, w Dzie\u0144 Bo\u017cego Narodzenia, Msze \u015bwi\u0119te o godz. 7:30, o 9:00 i Suma o godz. 10:30. Po po\u0142udniu Mszy \u015bw. nie b\u0119dzie. W tym dniu mo\u017cna uzyska\u0107 odpust zupe\u0142ny za przyj\u0119cie w pobo\u017cnym usposobieniu przez radio lub telewizj\u0119 b\u0142ogos\u0142awie\u0144stwa papieskiego &quot;Urbi et Orbi&quot;.<\/li>\n<li>W \u015brod\u0119 \u015bw. Szczepana &ndash; pierwszego m\u0119czennika. Msze \u015bw. o godz. 6:30, 8:00 i Suma 10:30. Po po\u0142udniu Mszy \u015bw. nie b\u0119dzie.<\/li>\n<li>W tym tygodniu rozpoczniemy wizyt\u0119 duszpastersk\u0105. Plan kol\u0119dy podany jest w gazetce oraz poni\u017cej. Pocz\u0105tek wizyty od 8:30.<\/li>\n<li>W czwartek \u015bw. Jana Ap. i Ew. O godz. 16:00 adoracja Naj\u015bwi\u0119tszego Sakramentu. Po Mszy \u015bw. wieczorem po\u015bwi\u0119cenie i kosztowanie wina.<\/li>\n<li>W pi\u0105tek wspominamy w liturgii Ko\u015bcio\u0142a \u015bwi\u0119tych M\u0142odziank&oacute;w, m\u0119czennik&oacute;w. <\/li>\n<li>Za tydzie\u0144 \u015awi\u0119to \u015bw. Rodziny Jezusa, Maryi i J&oacute;zefa.<\/li>\n<li>Sk\u0142adamy serdeczne podzi\u0119kowanie za sk\u0142adane ofiary na ogrzewanie ko\u015bcio\u0142a oraz na inwestycje parafialne, a tak\u017ce osobom sprz\u0105taj\u0105cym i stroj\u0105cym ko\u015bci&oacute;\u0142 w tym tygodniu..<\/li>\n<\/ol>\n<h2 style=\"text-align: center;\"><strong><span style=\"color: rgb(0, 0, 128);\">Wizyta duszpasterska 2018 r.<br \/>\n\t<\/span><\/strong><\/h2>\n<p><strong>Czwartek &ndash;1.Prawa strona &ndash; \u0142\u0105ki numery: <\/strong>202, 201, 200, 193, 192, 190, 196a, 195, 198, 199, 188, 185, 186, 187, 184, 183, 182, 181a, 172, 169a, 169, 168a, 167, 173a, 173, 175, 178, 177a, 177, 179, 43b-, 43a, 43, 42b, 42c, 42a, 42, 46a, 46, 47. = 40.<br \/>\n\t<strong>Czwartek &#8211; 2. Prawa str. &ndash; przy drodze numery:<\/strong> 48, 44, 40, 39, 37, 33a, 32, 29a, 29, 28, 22a, 22, 10, 11, 9, 8, 6, 4 , 5, 5a, 2, 1a, 1, 1, 3, 3a, 3b, 3c, 12, 13, 16, 17, 17b, 17a, 20, 21, 21, 24, 27, 30, 31-34, 35, 35b, 35a, 36, 41, =47<br \/>\n\t<strong>Pi\u0105tek 1. Prawa strona &ndash; od mostu do sklepu &#8211; za szko\u0142\u0105 &ndash; do sklepu.<\/strong> 49, 51, .? 3 domy \u015aw. 105, 103, 102, 99, 98, 98a, 97a, 96, 95, 84, 83, 82, 87, 86, 78, 72, 70, 65?, 69, 68, 68a, 66\/1, 66\/2, 66\/3, 66\/4, 62, 61, 63, 59, 58, 57, 56, 53, 52.= 39.<br \/>\n\t<strong>Pi\u0105tek 2. N-ry: Skapr&oacute;wk\u0105<\/strong> &ndash; 390, 377, 377, 378, 383, 381, 384, 380, 380a, 388a, 388, 389, 420a, 420, 419b, 421?, 422, 422a, 423, 441?, 444, 446, 447, 437, 435, 415, 434, 432, 431, 430a, 430, 426, 425, 425a, 418, 419a, 419, 419a, 418, 416a, =41 <br \/>\n\t<strong>Sobota -1. Krzy\u017c&oacute;wka Komorne<\/strong> &#8211; 469 a 469b469, 470.467, 468a, 465, 464, 463, 462a, 458.475, 461, 459.460, 450, 457, 454, 456a 455, 412, 411, 410, 409, 408, 405, 406, 407, 404, 401, 403, 402, 400 399, 398, 397, 395b, c, d, e, 376, = 41<br \/>\n\t<strong>Sobota.-2.Budy \u0141.<\/strong> &#8211; od 344, 344a, 345, 346, 347, 349, 350, 351, 352a, 353, 354, 355, 356, 356a, 357, 358, 358a, 359, 360, 373, 374, 372b, 372c, 372d, 372a, 372, 361, 370a, 370, 367, 366, 365, 341, 339, 338, 337, 336, 335, 335a, 333a, 332, =40<\/p>\n<h3 style=\"text-align: center;\"><strong><span style=\"color: rgb(0, 0, 128);\">Intencje mszalne<\/span><\/strong><\/h3>\n<p>&nbsp;<\/p>\n<h3 style=\"text-align: center;\">&nbsp;<\/h3>\n<h4 style=\"text-align: center;\"><strong><span style=\"color: rgb(0, 0, 128);\">od 24 grudnia 2018 do 30 grudnia 2018<\/span><\/strong><\/h4>\n<h4><strong><br \/>\n\tGdyby zbyt d\u0142ugi czas nie by\u0142a og\u0142oszona zam&oacute;wiona intencja mszalna &ndash; prosimy o zg\u0142oszenie tego kap\u0142anowi.&nbsp; Czasem zdarza si\u0119 nam co\u015b przegapi\u0107 &ndash; za co przepraszamy.&nbsp; Zam&oacute;wiona intencja nie mo\u017ce zgin\u0105\u0107.<br \/>\n\t<\/strong><\/h4>\n<p><u><strong>Poniedzia\u0142ek &#8211; 24.12.<\/strong><\/u><br \/>\n\t1. + Jan Kurek ( greg.)<br \/>\n\t2. ++ Helena Ludwik Machniak (927)<br \/>\n\t3. ++ Tadeusz, Cecylia, Stanis\u0142aw \u015awizdor, J&oacute;zef Olejarka (890)<\/p>\n<p><u><strong>Wtorek &#8211; 25.12.<\/strong><\/u><br \/>\n\t<strong>Pasterka <\/strong><br \/>\n\t1. W intencji parafian () P.<br \/>\n\t2. ++ Z r. Pietrzyckich, K\u0119dzior&oacute;w(905) M.<br \/>\n\t3. ++ Edward Por\u0119bny, Cecylia Bartnik (903) E. <br \/>\n\t4. Dzi\u0119kczynna i o b\u0142og. B. dla Adriana (918) R.<\/p>\n<p><strong>7:30<\/strong><br \/>\n\t1. ++ Karolina, Ignacy Czyrek, Bronis\u0142aw Wacnik, \u0141ukasz Kojder (919) P.<br \/>\n\t2. ++ Tadeusz, Anna Stafiej, J&oacute;zefa, Jan (941) E.<\/p>\n<p><strong>9:00 <\/strong><br \/>\n\t1. + Jan Kurek (greg.) M. <br \/>\n\t2. ++ Stefania, W\u0142adys\u0142aw, Stefania Cebulak (934) E.<br \/>\n\t3. ++ Maria, Antoni Golenia, W\u0142adys\u0142awa, J&oacute;zef Kurek (922) R.<\/p>\n<p><strong>10:30 <\/strong><br \/>\n\t1. ++ Jakub Rupar, Cecylia, Ignacy Stafiej (961) P. <br \/>\n\t2. ++ Maria, Roman, Stanis\u0142aw Por\u0119bny, Stanis\u0142awa i Franciszek \u015awizdor (921) R.<br \/>\n\t3. + Stanis\u0142aw Szczupak (901) M.<\/p>\n<p><u><strong>\u015aroda &#8211; 26.12.<\/strong><\/u><br \/>\n\t6:30 ++ Aniela, Stanis\u0142aw Kluz, Albina i Zofia Danak (924) <br \/>\n\t8:00 + Jan Kurek ( greg.)<br \/>\n\t10:30 1.++ Maria, Michal Wacnik, Aniela, Stanis\u0142aw Senejko (948) <br \/>\n\t&nbsp; &nbsp; &nbsp; &nbsp;&nbsp;&nbsp;&nbsp; 2.++ Agata, Jan Ciupi\u0144ski, Jan Skiba, W\u0142adys\u0142aw D\u0105bek (945)<\/p>\n<p><u><strong>Czwartek &#8211; 27.12<\/strong><\/u><br \/>\n\t1. + Jan Kurek (greg.)<br \/>\n\t2. + Janina Golenia (938) <br \/>\n\t3. ++ Jan, Zofia Kubis, Stanis\u0142aw Biel&oacute;wka (963)<\/p>\n<p>\t<u><strong>Pi\u0105tek &#8211; 28.12<\/strong><\/u><br \/>\n\t1. + Jan Kurek (greg.) <br \/>\n\t2. ++ Janina, Stanis\u0142aw, Jan \u015awizdor (940)<br \/>\n\t3. ++ Joachim Kucz, J&oacute;zef Jurowicz od Teresy (920)<\/p>\n<p><u><strong>Sobota &#8211; 29.12.<\/strong><\/u><br \/>\n\t1. + Jan Kurek ( greg.) <br \/>\n\t2. + Stanis\u0142aw Socha od Wies\u0142awa i Sylwestra Wojtyn&oacute;w z rodz. (861)<br \/>\n\t3. + Marcin Rupar od kolegi Dominika (823)<\/p>\n<p><u><strong>Niedziela &#8211; 30.12.<\/strong><\/u><br \/>\n\t6:30 ++ Maria i Wojciech Bartnik (928) <br \/>\n\t8:00 ++ Genowefa Dyrda, Rodzice, rodze\u0144stwo (930) <br \/>\n\t10:30 W intencji parafian<br \/>\n\t15:00 + Jan Kurek (greg.)<br \/>\n\t&nbsp;<\/p>\n<h3 style=\"text-align: center;\"><strong><strong><span style=\"color: rgb(0, 0, 128);\">Modlitw\u0119 r&oacute;\u017ca\u0144cow\u0105 prowadz\u0105:<br \/>\n\t<\/span><\/strong><\/strong><\/h3>\n<p>24.P.R. &#8212;&#8212;&#8212;&#8212;&#8212;&#8212;&#8212;&#8211;<br \/>\n\t25.W. R. \u015aw. \u0141ucji- (Anna Szular) &ndash; przed sum\u0105<br \/>\n\t26.\u015a.R. \u015aw. Marii Goretti &#8211; (El\u017cbieta Kukulska) &ndash; przed sum\u0105<br \/>\n\t27. C. R. \u015aw. Klary &#8211; (Teresa G\u0142owiak)<br \/>\n\t28.P.R. KSM<br \/>\n\t29.S.R. \u015aw. Ma\u0142gorzaty Marii &#8211; (Genowefa Drabik)- za J. Angrys.<br \/>\n\t30.N.R. \u015aw. Marty &#8211; (Cz. Por\u0119bna)<\/p>\n<p>\t<strong>Wyznaczona R&oacute;\u017ca powinna czu\u0107 si\u0119 zobowi\u0105zana do obecno\u015bci i prowadzenia modlitwy r&oacute;\u017ca\u0144cowej.<\/strong><\/p>\n","protected":false},"excerpt":{"rendered":"<p>IV NIEDZIELA ADWENTU &#8211; 23-12-2018 Og\u0142oszenia Dzi\u015b o godz. 15:00 nabo\u017ce\u0144stwo do Mi\u0142osierdzia Bo\u017cego i Msza \u015bw. Jutro Wigilia Bo\u017cego Narodzenia. Msza \u015bw. rano o godz. 7:00. Wieczorem Mszy \u015bw. &hellip; <a href=\"https:\/\/budy.przemyska.pl\/index.php\/2018\/12\/23\/ogloszenia-parafialne-23-12-2018\/\" class=\"more-link\">Czytaj dalej <span class=\"screen-reader-text\">Og\u0142oszenia parafialne 23-12-2018<\/span> <span class=\"meta-nav\">&rarr;<\/span><\/a><\/p>\n","protected":false},"author":1,"featured_media":0,"comment_status":"closed","ping_status":"closed","sticky":false,"template":"","format":"standard","meta":{"footnotes":""},"categories":[6,4],"tags":[],"class_list":["post-2621","post","type-post","status-publish","format-standard","hentry","category-aktualnosci","category-ogloszenia"],"_links":{"self":[{"href":"https:\/\/budy.przemyska.pl\/index.php\/wp-json\/wp\/v2\/posts\/2621","targetHints":{"allow":["GET"]}}],"collection":[{"href":"https:\/\/budy.przemyska.pl\/index.php\/wp-json\/wp\/v2\/posts"}],"about":[{"href":"https:\/\/budy.przemyska.pl\/index.php\/wp-json\/wp\/v2\/types\/post"}],"author":[{"embeddable":true,"href":"https:\/\/budy.przemyska.pl\/index.php\/wp-json\/wp\/v2\/users\/1"}],"replies":[{"embeddable":true,"href":"https:\/\/budy.przemyska.pl\/index.php\/wp-json\/wp\/v2\/comments?post=2621"}],"version-history":[{"count":0,"href":"https:\/\/budy.przemyska.pl\/index.php\/wp-json\/wp\/v2\/posts\/2621\/revisions"}],"wp:attachment":[{"href":"https:\/\/budy.przemyska.pl\/index.php\/wp-json\/wp\/v2\/media?parent=2621"}],"wp:term":[{"taxonomy":"category","embeddable":true,"href":"https:\/\/budy.przemyska.pl\/index.php\/wp-json\/wp\/v2\/categories?post=2621"},{"taxonomy":"post_tag","embeddable":true,"href":"https:\/\/budy.przemyska.pl\/index.php\/wp-json\/wp\/v2\/tags?post=2621"}],"curies":[{"name":"wp","href":"https:\/\/api.w.org\/{rel}","templated":true}]}}