{"id":2616,"date":"2018-12-16T10:06:59","date_gmt":"2018-12-16T09:06:59","guid":{"rendered":"http:\/\/www.budylancuckie.przemyska.pl\/?p=2616"},"modified":"2018-12-16T10:06:59","modified_gmt":"2018-12-16T09:06:59","slug":"ogloszenia-parafialne-9-12-2018-2","status":"publish","type":"post","link":"https:\/\/budy.przemyska.pl\/index.php\/2018\/12\/16\/ogloszenia-parafialne-9-12-2018-2\/","title":{"rendered":"Og\u0142oszenia parafialne 16-12-2018"},"content":{"rendered":"<h2 style=\"text-align: center;\"><strong><span style=\"color: rgb(0, 0, 128);\">III NIEDZIELA ADWENTU &#8211; 16-12-2018<\/span><\/strong><\/h2>\n<h2 style=\"text-align: center;\"><strong><span style=\"color: rgb(0, 0, 128);\">Og\u0142oszenia<br \/>\n\t<\/span><\/strong><\/h2>\n<ol>\n<li>Dzi\u015b o godz. 15:00 nabo\u017ce\u0144stwo do Mi\u0142osierdzia Bo\u017cego, nast\u0119pnie Msza \u015bw.<\/li>\n<li>Ze wzgl\u0119du na spowied\u017a \u015bw. w naszym dekanacie, w tym tygodniu Msze \u015bw. Roratnie b\u0119d\u0105 sprawowane o godz. 6:00 rano. Przed Msz\u0105 \u015bw. zach\u0119camy do od\u015bpiewania Godzinek ku czci Matki Bo\u017cej. Niech to b\u0119dzie nawi\u0105zanie do dawnej tradycji liturgicznej, kiedy nasze duchowe przygotowanie na \u015awi\u0119ta Bo\u017cego Narodzenia zwi\u0105zane by\u0142o z ofiar\u0105 z naszej strony wcze\u015bniejszego wstawania, aby w rado\u015bci i pokoju serca powita\u0107 przychodz\u0105cego Zbawiciela.<\/li>\n<li>Od 17 do 24 grudnia, przygotowujemy si\u0119 bezpo\u015brednio do Uroczysto\u015bci Bo\u017cego Narodzenia. Zach\u0119camy zatem do licznego udzia\u0142u w Roratach.<\/li>\n<li>W poniedzia\u0142ek tj. 17 grudnia od godz. 9:00 odwiedzimy chorych, kt&oacute;rych nie odwiedzamy z racji I pi\u0105tk&oacute;w miesi\u0105ca. Prosimy o zapisywanie chorych w zakrystii.<\/li>\n<li>W \u015brod\u0119 w naszej parafii spowied\u017a Adwentowa od godz. 10:30 do 12:00. Po po\u0142udniu od godz. 14:30 do 17:00 z przerw\u0105 od godz. 16:00 do 16:30. Na zako\u0144czenia spowiedzi \u015bw. parafialnej o godz. 17:00 zostanie odprawiona Msza \u015bw.<\/li>\n<li>B&oacute;g zap\u0142a\u0107 osobom sprz\u0105taj\u0105cym i stroj\u0105cym ko\u015bci&oacute;\u0142 w tym tygodniu oraz za ofiary na inwestycje w parafii, a tak\u017ce na s\u0142u\u017cb\u0119 ko\u015bcieln\u0105 oraz ogrzewania ko\u015bcio\u0142a..<\/li>\n<\/ol>\n<h3 style=\"text-align: center;\"><strong><span style=\"color: rgb(0, 0, 128);\">Intencje mszalne<\/span><\/strong><\/h3>\n<h4 style=\"text-align: center;\"><strong><span style=\"color: rgb(0, 0, 128);\">od 17 grudnia 2018 do 23 grudnia 2018<\/span><\/strong><\/h4>\n<h4><strong><br \/>\n\tGdyby zbyt d\u0142ugi czas nie by\u0142a og\u0142oszona zam&oacute;wiona intencja mszalna &ndash; prosimy o zg\u0142oszenie tego kap\u0142anowi.&nbsp; Czasem zdarza si\u0119 nam co\u015b przegapi\u0107 &ndash; za co przepraszamy.&nbsp; Zam&oacute;wiona intencja nie mo\u017ce zgin\u0105\u0107.<br \/>\n\t<\/strong><\/h4>\n<p><u><strong>Poniedzia\u0142ek &#8211; 17.12.<\/strong><\/u><br \/>\n\t1. + Jan Kurek ( greg.)<br \/>\n\t2. + Janina Dulkiewicz z d. Ko\u0144 (931)<br \/>\n\t3. ++ Marcela, Franciszek S\u0142upek (932)<\/p>\n<p><u><strong>Wtorek &#8211; 18.12.<\/strong><\/u><br \/>\n\t1. + Jan Kurek ( greg.)<br \/>\n\t2. ++ Wies\u0142aw, Franciszek Kojder(911) <br \/>\n\t3. + Stanis\u0142aw Czech od \u017cony (915)<\/p>\n<p><u><strong>\u015aroda &#8211; 19.12.<\/strong><\/u><br \/>\n\t1. + Jan Kurek ( greg.)<br \/>\n\t2. ++ Zofia i Jan Kurek (947)<br \/>\n\t3. + Dariusz Cebulak (923)<\/p>\n<p><u><strong>Czwartek &#8211; 20.12<\/strong><\/u><br \/>\n\t1. + Jan Kurek (greg.) <br \/>\n\t2. ++ Jacek, Wies\u0142aw, W\u0142adys\u0142aw Ko\u0142cz (939)<br \/>\n\t3. ++ Julianna Joniec (846)<\/p>\n<p>\t<u><strong>Pi\u0105tek &#8211; 21.12<\/strong><\/u><br \/>\n\t1. + Jan Kurek (greg.)<br \/>\n\t2. ++ Roman Por\u0119bny i Jego rodzice (895)<br \/>\n\t3. ++ Stefania i Franciszek Blok (886)<\/p>\n<p><u><strong>Sobota &#8211; 22.12.<\/strong><\/u><br \/>\n\t1. + Jan Kurek ( greg.) <br \/>\n\t2. + Maria Kojder od Janusza Cebulaka z rodz. (957)<br \/>\n\t3. ++ Cecylia, J&oacute;zef, Zofia, Franciszek Gw&oacute;\u017ad\u017a (912)<\/p>\n<p><u><strong>Niedziela &#8211; 23.12.<\/strong><\/u><br \/>\n\t6:30 + Alfred W\u0119grzyn (937) <br \/>\n\t8:00 + Piotr Socha od rodzic&oacute;w (913)<br \/>\n\t10:30 W intencji parafian <br \/>\n\t15:00 + Jan Kurek (greg.)<br \/>\n\t&nbsp;<\/p>\n<h3 style=\"text-align: center;\"><strong><strong><span style=\"color: rgb(0, 0, 128);\">Modlitw\u0119 r&oacute;\u017ca\u0144cow\u0105 prowadz\u0105:<br \/>\n\t<\/span><\/strong><\/strong><\/h3>\n<p>19.\u015a.R. \u015aw. Kingi &#8211; (Maria Golak)<br \/>\n\t23.N. R. \u015aw. Marii Magdaleny &#8211; (Maria Baran)<\/p>\n<p>\t<strong>Wyznaczona R&oacute;\u017ca powinna czu\u0107 si\u0119 zobowi\u0105zana do obecno\u015bci i prowadzenia modlitwy r&oacute;\u017ca\u0144cowej.<\/strong><\/p>\n","protected":false},"excerpt":{"rendered":"<p>III NIEDZIELA ADWENTU &#8211; 16-12-2018 Og\u0142oszenia Dzi\u015b o godz. 15:00 nabo\u017ce\u0144stwo do Mi\u0142osierdzia Bo\u017cego, nast\u0119pnie Msza \u015bw. Ze wzgl\u0119du na spowied\u017a \u015bw. w naszym dekanacie, w tym tygodniu Msze \u015bw. &hellip; <a href=\"https:\/\/budy.przemyska.pl\/index.php\/2018\/12\/16\/ogloszenia-parafialne-9-12-2018-2\/\" class=\"more-link\">Czytaj dalej <span class=\"screen-reader-text\">Og\u0142oszenia parafialne 16-12-2018<\/span> <span class=\"meta-nav\">&rarr;<\/span><\/a><\/p>\n","protected":false},"author":1,"featured_media":0,"comment_status":"closed","ping_status":"closed","sticky":false,"template":"","format":"standard","meta":{"footnotes":""},"categories":[6,4],"tags":[],"class_list":["post-2616","post","type-post","status-publish","format-standard","hentry","category-aktualnosci","category-ogloszenia"],"_links":{"self":[{"href":"https:\/\/budy.przemyska.pl\/index.php\/wp-json\/wp\/v2\/posts\/2616","targetHints":{"allow":["GET"]}}],"collection":[{"href":"https:\/\/budy.przemyska.pl\/index.php\/wp-json\/wp\/v2\/posts"}],"about":[{"href":"https:\/\/budy.przemyska.pl\/index.php\/wp-json\/wp\/v2\/types\/post"}],"author":[{"embeddable":true,"href":"https:\/\/budy.przemyska.pl\/index.php\/wp-json\/wp\/v2\/users\/1"}],"replies":[{"embeddable":true,"href":"https:\/\/budy.przemyska.pl\/index.php\/wp-json\/wp\/v2\/comments?post=2616"}],"version-history":[{"count":0,"href":"https:\/\/budy.przemyska.pl\/index.php\/wp-json\/wp\/v2\/posts\/2616\/revisions"}],"wp:attachment":[{"href":"https:\/\/budy.przemyska.pl\/index.php\/wp-json\/wp\/v2\/media?parent=2616"}],"wp:term":[{"taxonomy":"category","embeddable":true,"href":"https:\/\/budy.przemyska.pl\/index.php\/wp-json\/wp\/v2\/categories?post=2616"},{"taxonomy":"post_tag","embeddable":true,"href":"https:\/\/budy.przemyska.pl\/index.php\/wp-json\/wp\/v2\/tags?post=2616"}],"curies":[{"name":"wp","href":"https:\/\/api.w.org\/{rel}","templated":true}]}}