{"id":2613,"date":"2018-12-09T09:56:43","date_gmt":"2018-12-09T08:56:43","guid":{"rendered":"http:\/\/www.budylancuckie.przemyska.pl\/?p=2613"},"modified":"2018-12-09T09:56:43","modified_gmt":"2018-12-09T08:56:43","slug":"ogloszenia-parafialne-9-12-2018","status":"publish","type":"post","link":"https:\/\/budy.przemyska.pl\/index.php\/2018\/12\/09\/ogloszenia-parafialne-9-12-2018\/","title":{"rendered":"Og\u0142oszenia parafialne 9-12-2018"},"content":{"rendered":"<h2 style=\"text-align: center;\"><strong><span style=\"color: rgb(0, 0, 128);\">II NIEDZIELA ADWENTU &#8211; 9-12-2018<\/span><\/strong><\/h2>\n<h2 style=\"text-align: center;\"><strong><span style=\"color: rgb(0, 0, 128);\">Og\u0142oszenia<br \/>\n\t<\/span><\/strong><\/h2>\n<ol>\n<li>Dzi\u015b prze\u017cywamy Dzie\u0144 Modlitw w intencjach Ko\u015bcio\u0142a na Wschodzie. O godz. 15:00 nabo\u017ce\u0144stwo do Mi\u0142osierdzia Bo\u017cego i Msza \u015bw.<\/li>\n<li>W tym tygodniu w Liturgii Ko\u015bcio\u0142a wspominamy: we czwartek &ndash; \u015bw. \u0141ucji, dziewicy i m\u0119czennicy, w pi\u0105tek &ndash; \u015bw. Jana od Krzy\u017ca, prezbitera i doktora Ko\u015bcio\u0142a. <\/li>\n<li>We czwartek o godz. 16:00 adoracja Naj\u015bwi\u0119tszego Sakramentu. <\/li>\n<li>Trwa Adwent. Zach\u0119camy dzieci, m\u0142odzie\u017c oraz doros\u0142ych do udzia\u0142u w Roratach ku czci NMP &ndash; Patronki Adwentu.<\/li>\n<li>Jak co roku, Katolickie Stowarzyszenie M\u0142odzie\u017cy z naszej parafii, zorganizowa\u0142o kiermasz ozd&oacute;b \u015bwi\u0105tecznych, kt&oacute;re b\u0119dzie mo\u017cna zakupi\u0107. Ozdoby s\u0105 na stoliku pod ch&oacute;rem.<\/li>\n<li>Za tydzie\u0144 III niedziela miesi\u0105ca, w naszej parafii jest to niedziela inwestycyjna. Sk\u0142adka przeznaczona na now\u0105 posadzk\u0119 w ko\u015bciele.<\/li>\n<li>B&oacute;g zap\u0142a\u0107 osobom sprz\u0105taj\u0105cym i stroj\u0105cym ko\u015bci&oacute;\u0142 w tym tygodniu oraz za ofiary na inwestycje w parafii, a tak\u017ce na ogrzewanie ko\u015bcio\u0142a..<\/li>\n<\/ol>\n<h3 style=\"text-align: center;\"><strong><span style=\"color: rgb(0, 0, 128);\">Intencje mszalne<\/span><\/strong><\/h3>\n<h4 style=\"text-align: center;\"><strong><span style=\"color: rgb(0, 0, 128);\">od 10 grudnia 2018 do 16 grudnia 2018<\/span><\/strong><\/h4>\n<h4><strong><br \/>\n\tGdyby zbyt d\u0142ugi czas nie by\u0142a og\u0142oszona zam&oacute;wiona intencja mszalna &ndash; prosimy o zg\u0142oszenie tego kap\u0142anowi.&nbsp; Czasem zdarza si\u0119 nam co\u015b przegapi\u0107 &ndash; za co przepraszamy.&nbsp; Zam&oacute;wiona intencja nie mo\u017ce zgin\u0105\u0107.<br \/>\n\t<\/strong><\/h4>\n<p><u><strong>Poniedzia\u0142ek &#8211; 10.12.<\/strong><\/u><br \/>\n\t1. + Jan Kurek ( greg.)<br \/>\n\t2. + Stanis\u0142aw Benedyk (897)<br \/>\n\t3. ++ Emilia i Jakub Rupar (884)<\/p>\n<p><u><strong>Wtorek &#8211; 11.12.<\/strong><\/u><br \/>\n\t1. + Jan Kurek ( greg.)<br \/>\n\t2. ++ Marcin, Franciszka Czech i ich rodzice <br \/>\n\t3. ++ Zofia, Franciszek Bartnik, Stefan Marek (925) <\/p>\n<p><u><strong>\u015aroda &#8211; 12.12.<\/strong><\/u><br \/>\n\t1. + Jan Kurek ( greg.)<br \/>\n\t2. ++ W\u0142adys\u0142aw, Salomea, Joanna Rupar (881)<br \/>\n\t3. + Czes\u0142aw Piestrak (942)<\/p>\n<p><u><strong>Czwartek &#8211; 13.12<\/strong><\/u><br \/>\n\t1. + Jan Kurek (greg.) <br \/>\n\t2. ++Kazimiera, Roman Cebulak, Aniela, Antoni \u017bak (875)<br \/>\n\t3. ++ Maria, Stanis\u0142aw, Cecylia, Jan Miara (854)<\/p>\n<p>\t<u><strong>Pi\u0105tek &#8211; 14.12<\/strong><\/u><br \/>\n\t1. + Jan Kurek (greg.)<br \/>\n\t2. + Roman Kurek(840)<br \/>\n\t3. ++ Salomea, J&oacute;zef Skiba, W\u0142adys\u0142aw Dyrda, Antoni Mach (799)<\/p>\n<p><u><strong>Sobota &#8211; 15.12.<\/strong><\/u><br \/>\n\t1. + Jan Kurek ( greg.)<br \/>\n\t2. ++ Jan, Katarzyna, Maria, J&oacute;zef Bieleccy (900)<br \/>\n\t3. ++ Emilia, Feliks, Stanis\u0142aw Bia\u0142y (746)<\/p>\n<p><u><strong>Niedziela &#8211; 16.12.<\/strong><\/u><br \/>\n\t6:30 + Julian Lorenc od s. J&oacute;zefa z rodzin\u0105 (898)<br \/>\n\t8:00 + Jan Kurek (greg.)<br \/>\n\t10:30 W intencji parafian, <br \/>\n\t15:00 ++ Stanis\u0142aw, Krystyna Czyrek, Franciszek Pelc (746)<br \/>\n\t&nbsp;<\/p>\n<h3 style=\"text-align: center;\"><strong><strong><span style=\"color: rgb(0, 0, 128);\">Modlitw\u0119 r&oacute;\u017ca\u0144cow\u0105 prowadz\u0105:<br \/>\n\t<\/span><\/strong><\/strong><\/h3>\n<p>10.P.R. \u015aw. Faustyny-(Eugenia \u015awizdor)<br \/>\n\t11.W. R. \u015aw. Franciszka z Asy\u017cu &#8211; (Jan Nowak)<br \/>\n\t12.\u015a.R. \u015aw. Genowefy &#8211; (Genowefa Dr\u0105\u017cek)<br \/>\n\t13.C.R. \u015aw. Heleny &#8211; (Helena Dyrda)<br \/>\n\t14.P.R. KSM<br \/>\n\t15.S.R. \u015aw. Jadwigi Kr&oacute;lowej-Halina Dyrda<br \/>\n\t16.N.R. \u015aw. Jadwigi \u015al\u0105skiej &#8211; (Maria Bester)<\/p>\n<p>\t<strong>Wyznaczona R&oacute;\u017ca powinna czu\u0107 si\u0119 zobowi\u0105zana do obecno\u015bci i prowadzenia modlitwy r&oacute;\u017ca\u0144cowej.<\/strong><\/p>\n","protected":false},"excerpt":{"rendered":"<p>II NIEDZIELA ADWENTU &#8211; 9-12-2018 Og\u0142oszenia Dzi\u015b prze\u017cywamy Dzie\u0144 Modlitw w intencjach Ko\u015bcio\u0142a na Wschodzie. O godz. 15:00 nabo\u017ce\u0144stwo do Mi\u0142osierdzia Bo\u017cego i Msza \u015bw. W tym tygodniu w Liturgii &hellip; <a href=\"https:\/\/budy.przemyska.pl\/index.php\/2018\/12\/09\/ogloszenia-parafialne-9-12-2018\/\" class=\"more-link\">Czytaj dalej <span class=\"screen-reader-text\">Og\u0142oszenia parafialne 9-12-2018<\/span> <span class=\"meta-nav\">&rarr;<\/span><\/a><\/p>\n","protected":false},"author":1,"featured_media":0,"comment_status":"closed","ping_status":"closed","sticky":false,"template":"","format":"standard","meta":{"footnotes":""},"categories":[6,4],"tags":[],"class_list":["post-2613","post","type-post","status-publish","format-standard","hentry","category-aktualnosci","category-ogloszenia"],"_links":{"self":[{"href":"https:\/\/budy.przemyska.pl\/index.php\/wp-json\/wp\/v2\/posts\/2613","targetHints":{"allow":["GET"]}}],"collection":[{"href":"https:\/\/budy.przemyska.pl\/index.php\/wp-json\/wp\/v2\/posts"}],"about":[{"href":"https:\/\/budy.przemyska.pl\/index.php\/wp-json\/wp\/v2\/types\/post"}],"author":[{"embeddable":true,"href":"https:\/\/budy.przemyska.pl\/index.php\/wp-json\/wp\/v2\/users\/1"}],"replies":[{"embeddable":true,"href":"https:\/\/budy.przemyska.pl\/index.php\/wp-json\/wp\/v2\/comments?post=2613"}],"version-history":[{"count":0,"href":"https:\/\/budy.przemyska.pl\/index.php\/wp-json\/wp\/v2\/posts\/2613\/revisions"}],"wp:attachment":[{"href":"https:\/\/budy.przemyska.pl\/index.php\/wp-json\/wp\/v2\/media?parent=2613"}],"wp:term":[{"taxonomy":"category","embeddable":true,"href":"https:\/\/budy.przemyska.pl\/index.php\/wp-json\/wp\/v2\/categories?post=2613"},{"taxonomy":"post_tag","embeddable":true,"href":"https:\/\/budy.przemyska.pl\/index.php\/wp-json\/wp\/v2\/tags?post=2613"}],"curies":[{"name":"wp","href":"https:\/\/api.w.org\/{rel}","templated":true}]}}