{"id":2611,"date":"2018-12-02T14:49:16","date_gmt":"2018-12-02T13:49:16","guid":{"rendered":"http:\/\/www.budylancuckie.przemyska.pl\/?p=2611"},"modified":"2018-12-02T14:49:16","modified_gmt":"2018-12-02T13:49:16","slug":"koncert-religijno-patriotyczny-cz-2","status":"publish","type":"post","link":"https:\/\/budy.przemyska.pl\/index.php\/2018\/12\/02\/koncert-religijno-patriotyczny-cz-2\/","title":{"rendered":"Koncert religijno-patriotyczny Cz. 2"},"content":{"rendered":"<div class=\"fb-video\" data-href=\"https:\/\/www.facebook.com\/tadeusz.golak\/videos\/2196036513772639\/\" data-show-text=\"false\" data-width=\"600\">\n<blockquote cite=\"https:\/\/www.facebook.com\/tadeusz.golak\/videos\/2196036513772639\/\" class=\"fb-xfbml-parse-ignore\">\n<p>Koncert religijno-patriotyczny Cz. 2 &#8211; Budy \u0141a\u0144cuckie 2018 Ch&oacute;r Deo Cantamus z Tuczemp &#8211; solistka Pani Ma\u0142gorzata 1. Ojczyzno ma 2. Pierwsza Kadrowa 3. Ej dziewczyno, ej niebogo 4. Wiersz &quot;U\u0142ani&quot; 5 Bywaj dziewcz\u0119 zdrowe<\/p>\n<p>\t\tOpublikowany przez <a href=\"https:\/\/www.facebook.com\/tadeusz.golak\">Tadeusz Golak<\/a> Czwartek, 29 listopada 2018<\/p><\/blockquote>\n<\/div>\n","protected":false},"excerpt":{"rendered":"<p>Koncert religijno-patriotyczny Cz. 2 &#8211; Budy \u0141a\u0144cuckie 2018 Ch&oacute;r Deo Cantamus z Tuczemp &#8211; solistka Pani Ma\u0142gorzata 1. Ojczyzno ma 2. Pierwsza Kadrowa 3. Ej dziewczyno, ej niebogo 4. Wiersz &hellip; <a href=\"https:\/\/budy.przemyska.pl\/index.php\/2018\/12\/02\/koncert-religijno-patriotyczny-cz-2\/\" class=\"more-link\">Czytaj dalej <span class=\"screen-reader-text\">Koncert religijno-patriotyczny Cz. 2<\/span> <span class=\"meta-nav\">&rarr;<\/span><\/a><\/p>\n","protected":false},"author":1,"featured_media":0,"comment_status":"closed","ping_status":"closed","sticky":false,"template":"","format":"standard","meta":{"footnotes":""},"categories":[6],"tags":[],"class_list":["post-2611","post","type-post","status-publish","format-standard","hentry","category-aktualnosci"],"_links":{"self":[{"href":"https:\/\/budy.przemyska.pl\/index.php\/wp-json\/wp\/v2\/posts\/2611","targetHints":{"allow":["GET"]}}],"collection":[{"href":"https:\/\/budy.przemyska.pl\/index.php\/wp-json\/wp\/v2\/posts"}],"about":[{"href":"https:\/\/budy.przemyska.pl\/index.php\/wp-json\/wp\/v2\/types\/post"}],"author":[{"embeddable":true,"href":"https:\/\/budy.przemyska.pl\/index.php\/wp-json\/wp\/v2\/users\/1"}],"replies":[{"embeddable":true,"href":"https:\/\/budy.przemyska.pl\/index.php\/wp-json\/wp\/v2\/comments?post=2611"}],"version-history":[{"count":0,"href":"https:\/\/budy.przemyska.pl\/index.php\/wp-json\/wp\/v2\/posts\/2611\/revisions"}],"wp:attachment":[{"href":"https:\/\/budy.przemyska.pl\/index.php\/wp-json\/wp\/v2\/media?parent=2611"}],"wp:term":[{"taxonomy":"category","embeddable":true,"href":"https:\/\/budy.przemyska.pl\/index.php\/wp-json\/wp\/v2\/categories?post=2611"},{"taxonomy":"post_tag","embeddable":true,"href":"https:\/\/budy.przemyska.pl\/index.php\/wp-json\/wp\/v2\/tags?post=2611"}],"curies":[{"name":"wp","href":"https:\/\/api.w.org\/{rel}","templated":true}]}}