{"id":2609,"date":"2018-12-02T14:48:17","date_gmt":"2018-12-02T13:48:17","guid":{"rendered":"http:\/\/www.budylancuckie.przemyska.pl\/?p=2609"},"modified":"2018-12-02T14:48:17","modified_gmt":"2018-12-02T13:48:17","slug":"fragment-koncertu-religijno-patriotycznego-cz-1","status":"publish","type":"post","link":"https:\/\/budy.przemyska.pl\/index.php\/2018\/12\/02\/fragment-koncertu-religijno-patriotycznego-cz-1\/","title":{"rendered":"Fragment koncertu religijno-patriotycznego &#8211; Cz. 1"},"content":{"rendered":"<div class=\"fb-video\" data-href=\"https:\/\/www.facebook.com\/tadeusz.golak\/videos\/2191109224265368\/\" data-show-text=\"false\" data-width=\"600\">\n<blockquote cite=\"https:\/\/www.facebook.com\/tadeusz.golak\/videos\/2191109224265368\/\" class=\"fb-xfbml-parse-ignore\">\n<p>Fragment koncertu religijno-patriotycznego &#8211; Cz. 1 Budy \u0141a\u0144cuckie 25.11.2018 Ch&oacute;r Deo Cantamus z Tuczemp 1. Rota 2. Pie\u015b\u0144 Konfederet&oacute;w Barskich 3. Pierwsza Brygada 4. Deszcz jesienny Wiersze recytowa\u0142a miejscowa m\u0142odzie\u017c z KSM<\/p>\n<p>\t\tOpublikowany przez <a href=\"https:\/\/www.facebook.com\/tadeusz.golak\">Tadeusz Golak<\/a> Poniedzia\u0142ek, 26 listopada 2018<\/p><\/blockquote>\n<\/div>\n","protected":false},"excerpt":{"rendered":"<p>Fragment koncertu religijno-patriotycznego &#8211; Cz. 1 Budy \u0141a\u0144cuckie 25.11.2018 Ch&oacute;r Deo Cantamus z Tuczemp 1. Rota 2. Pie\u015b\u0144 Konfederet&oacute;w Barskich 3. Pierwsza Brygada 4. Deszcz jesienny Wiersze recytowa\u0142a miejscowa m\u0142odzie\u017c &hellip; <a href=\"https:\/\/budy.przemyska.pl\/index.php\/2018\/12\/02\/fragment-koncertu-religijno-patriotycznego-cz-1\/\" class=\"more-link\">Czytaj dalej <span class=\"screen-reader-text\">Fragment koncertu religijno-patriotycznego &#8211; Cz. 1<\/span> <span class=\"meta-nav\">&rarr;<\/span><\/a><\/p>\n","protected":false},"author":1,"featured_media":0,"comment_status":"closed","ping_status":"closed","sticky":false,"template":"","format":"standard","meta":{"footnotes":""},"categories":[6],"tags":[],"class_list":["post-2609","post","type-post","status-publish","format-standard","hentry","category-aktualnosci"],"_links":{"self":[{"href":"https:\/\/budy.przemyska.pl\/index.php\/wp-json\/wp\/v2\/posts\/2609","targetHints":{"allow":["GET"]}}],"collection":[{"href":"https:\/\/budy.przemyska.pl\/index.php\/wp-json\/wp\/v2\/posts"}],"about":[{"href":"https:\/\/budy.przemyska.pl\/index.php\/wp-json\/wp\/v2\/types\/post"}],"author":[{"embeddable":true,"href":"https:\/\/budy.przemyska.pl\/index.php\/wp-json\/wp\/v2\/users\/1"}],"replies":[{"embeddable":true,"href":"https:\/\/budy.przemyska.pl\/index.php\/wp-json\/wp\/v2\/comments?post=2609"}],"version-history":[{"count":0,"href":"https:\/\/budy.przemyska.pl\/index.php\/wp-json\/wp\/v2\/posts\/2609\/revisions"}],"wp:attachment":[{"href":"https:\/\/budy.przemyska.pl\/index.php\/wp-json\/wp\/v2\/media?parent=2609"}],"wp:term":[{"taxonomy":"category","embeddable":true,"href":"https:\/\/budy.przemyska.pl\/index.php\/wp-json\/wp\/v2\/categories?post=2609"},{"taxonomy":"post_tag","embeddable":true,"href":"https:\/\/budy.przemyska.pl\/index.php\/wp-json\/wp\/v2\/tags?post=2609"}],"curies":[{"name":"wp","href":"https:\/\/api.w.org\/{rel}","templated":true}]}}