{"id":2607,"date":"2018-12-02T14:36:19","date_gmt":"2018-12-02T13:36:19","guid":{"rendered":"http:\/\/www.budylancuckie.przemyska.pl\/?p=2607"},"modified":"2018-12-02T14:36:19","modified_gmt":"2018-12-02T13:36:19","slug":"ogloszenia-parafialne-2-12-2018","status":"publish","type":"post","link":"https:\/\/budy.przemyska.pl\/index.php\/2018\/12\/02\/ogloszenia-parafialne-2-12-2018\/","title":{"rendered":"Og\u0142oszenia parafialne 2-12-2018"},"content":{"rendered":"<h2 style=\"text-align: center;\"><strong><span style=\"color: rgb(0, 0, 128);\">I NIEDZIELA ADWENTU &#8211; 2-12-2018<\/span><\/strong><\/h2>\n<h2 style=\"text-align: center;\"><strong><span style=\"color: rgb(0, 0, 128);\">Og\u0142oszenia<br \/>\n\t<\/span><\/strong><\/h2>\n<ol>\n<li>Dzi\u015b o godz. 15:00 nabo\u017ce\u0144stwo do Mi\u0142osierdzia Bo\u017cego, nast\u0119pnie Msza \u015bw. Dzisiaj tak\u017ce w naszej parafii b\u0119dziemy go\u015bci\u0107 kleryka z przemyskiego Seminarium, kt&oacute;ry w imieniu ca\u0142ej wsp&oacute;lnoty pragnie wyrazi\u0107 podzi\u0119kowanie za ca\u0142oroczne wsparcie dla przygotowuj\u0105cych si\u0119 do kap\u0142a\u0144stwa.<\/li>\n<li>W poniedzia\u0142ek wspominamy \u015bw. Franciszka Ksawerego, prezbitera. Po Mszy \u015bw. spotkanie kandydat&oacute;w do sakramentu bierzmowania z klas VII i VIII.<\/li>\n<li>W \u015brod\u0119 po Mszy \u015bw. spotkanie ministrant&oacute;w.<\/li>\n<li>W tym tygodniu I czwartek i I pi\u0105tek miesi\u0105ca.<\/li>\n<li>We czwartek o godz. 16:00 Adoracja Naj\u015bwi\u0119tszego Sakramentu. O godz. 16:30 r&oacute;\u017caniec i Msza \u015bw.<\/li>\n<li>W I pi\u0105tek po rannej Mszy \u015bw. Komunia \u015bw. chorych w domach. Komuni\u0119 \u015bw. ofiarujemy na wynagrodzenie Naj\u015bwi\u0119tszemu Sercu Pana Jezusa.<\/li>\n<li>W sobot\u0119 Uroczysto\u015b\u0107 Niepokalanego Pocz\u0119cia NMP. Msze \u015bw. o godz. 6:30, 8:00 i 17:00. W tym dniu, na Mszy \u015bw. o godz. 17:00 dzieci z klas III otrzymaj\u0105 medaliki. Po Mszy \u015bw. spotkanie z rodzicami dzieci z klas III.<\/li>\n<li>Od jutra wieczorem Msza \u015bw. roratnia ku czci NMP. Zach\u0119camy dzieci, m\u0142odzie\u017c oraz doros\u0142ych do udzia\u0142u w tym pi\u0119knym nabo\u017ce\u0144stwie ku czci NMP &ndash; Patronki Adwentu.<\/li>\n<li>Na stoliku pod ch&oacute;rem, s\u0105 \u015bwiece wigilijne, w cenie 5 z\u0142.<\/li>\n<li>B&oacute;g zap\u0142a\u0107 osobom sprz\u0105taj\u0105cym i stroj\u0105cym ko\u015bci&oacute;\u0142 w tym tygodniu oraz za ofiary na inwestycje w parafii, a tak\u017ce na s\u0142u\u017cb\u0119 ko\u015bcieln\u0105.<\/li>\n<\/ol>\n<h3 style=\"text-align: center;\"><strong><span style=\"color: rgb(0, 0, 128);\">Intencje mszalne<\/span><\/strong><\/h3>\n<h4 style=\"text-align: center;\"><strong><span style=\"color: rgb(0, 0, 128);\">od 3 grudnia 2018 do 9 grudnia 2018<\/span><\/strong><\/h4>\n<h4><strong><br \/>\n\tGdyby zbyt d\u0142ugi czas nie by\u0142a og\u0142oszona zam&oacute;wiona intencja mszalna &ndash; prosimy o zg\u0142oszenie tego kap\u0142anowi.&nbsp; Czasem zdarza si\u0119 nam co\u015b przegapi\u0107 &ndash; za co przepraszamy.&nbsp; Zam&oacute;wiona intencja nie mo\u017ce zgin\u0105\u0107.<br \/>\n\t<\/strong><\/h4>\n<p><u><strong>Poniedzia\u0142ek &#8211; 3.12.<\/strong><\/u><br \/>\n\t1. + Jan Kurek ( greg. pocz.)<br \/>\n\t2. + Stanis\u0142aw Socha od chrze\u015bniaka Henryka z rodz.<br \/>\n\t3. ++ Zofia i Jan Niemiec (844)<\/p>\n<p><u><strong>Wtorek &#8211; 4.12.<\/strong><\/u><br \/>\n\t1. + Jan Kurek ( greg.) <br \/>\n\t2. ++ Czes\u0142awa, Stanis\u0142aw B\u0119ben, Piotr Ko\u0144<br \/>\n\t3. ++ Stanis\u0142aw i Magdalena Sanok (842)<\/p>\n<p><u><strong>\u015aroda &#8211; 5.12.<\/strong><\/u><br \/>\n\t1 + Jan Kurek ( greg.)<br \/>\n\t2. ++ Maria i Stefan Sobkowicz (910)<br \/>\n\t3. + Cecylia Gw&oacute;\u017ad\u017a z r. \u015bw. Genowefy (887)<\/p>\n<p><u><strong>Czwartek &#8211; 6.12<\/strong><\/u><br \/>\n\t1. + Jan Kurek (greg.)<br \/>\n\t2. ++ Salomea, Jan, W\u0142adys\u0142aw Angrys (875) <br \/>\n\t3. ++ W\u0142adys\u0142awa, W\u0142adys\u0142aw Por\u0119bny (836)<\/p>\n<p>\t<u><strong>Pi\u0105tek &#8211; 7.12<\/strong><\/u><br \/>\n\t1. + Jan Kurek (greg.)<br \/>\n\t2. + Stanis\u0142aw Bartnik(904)<br \/>\n\t3. + Ludwik Bartnik, rodzice i rodze\u0144stwo (891)<\/p>\n<p><u><strong>Sobota &#8211; 8.12.<\/strong><\/u><br \/>\n\t6:30 + Jan Kurek ( greg.) <br \/>\n\t8:00 + + Aniela i Franciszek Kojder (888)<br \/>\n\t17:00 ++ Maria, Antoni Blok, Stanis\u0142aw Ko\u0142cz (883)<\/p>\n<p><u><strong>Niedziela &#8211; 9.12.<\/strong><\/u><br \/>\n\t6:3 0++ Julia Syka\u0142a, Stanis\u0142awa Pi\u0105tek i rodzice (914) <br \/>\n\t8:00 ++ Magdalena, Mieczys\u0142aw Bartnik, Karolina Szostek (909) <br \/>\n\t10:30 W intencji parafian <br \/>\n\t15:00 + Jan Kurek (greg.)<br \/>\n\t&nbsp;<\/p>\n<h3 style=\"text-align: center;\"><strong><strong><span style=\"color: rgb(0, 0, 128);\">Modlitw\u0119 r&oacute;\u017ca\u0144cow\u0105 prowadz\u0105:<br \/>\n\t<\/span><\/strong><\/strong><\/h3>\n<p>03.P.R. \u015aw. Agaty &#8211; (Patrycji Por\u0119bnej)<br \/>\n\t04.W. R. \u015aw. Agnieszki &#8211; (Krystyna Nykiel)<br \/>\n\t05.\u015a.R. \u015aw. Andrzeja Aposto\u0142a &#8211; (J&oacute;zef M\u0105dry)<br \/>\n\t06. C. R. B\u0142. Anieli Salawy -(Zofia Kojder)<br \/>\n\t07.P.R. KSM<br \/>\n\t08.S.R. \u015aw. Anny &#8211; (Karolina Benedyk)<br \/>\n\t09.N.R. \u015aw. El\u017cbiety &#8211; (Alina Trojnar)<\/p>\n<p>\t<strong>Wyznaczona R&oacute;\u017ca powinna czu\u0107 si\u0119 zobowi\u0105zana do obecno\u015bci i prowadzenia modlitwy r&oacute;\u017ca\u0144cowej.<\/strong><\/p>\n","protected":false},"excerpt":{"rendered":"<p>I NIEDZIELA ADWENTU &#8211; 2-12-2018 Og\u0142oszenia Dzi\u015b o godz. 15:00 nabo\u017ce\u0144stwo do Mi\u0142osierdzia Bo\u017cego, nast\u0119pnie Msza \u015bw. Dzisiaj tak\u017ce w naszej parafii b\u0119dziemy go\u015bci\u0107 kleryka z przemyskiego Seminarium, kt&oacute;ry w &hellip; <a href=\"https:\/\/budy.przemyska.pl\/index.php\/2018\/12\/02\/ogloszenia-parafialne-2-12-2018\/\" class=\"more-link\">Czytaj dalej <span class=\"screen-reader-text\">Og\u0142oszenia parafialne 2-12-2018<\/span> <span class=\"meta-nav\">&rarr;<\/span><\/a><\/p>\n","protected":false},"author":1,"featured_media":0,"comment_status":"closed","ping_status":"closed","sticky":false,"template":"","format":"standard","meta":{"footnotes":""},"categories":[6,4],"tags":[],"class_list":["post-2607","post","type-post","status-publish","format-standard","hentry","category-aktualnosci","category-ogloszenia"],"_links":{"self":[{"href":"https:\/\/budy.przemyska.pl\/index.php\/wp-json\/wp\/v2\/posts\/2607","targetHints":{"allow":["GET"]}}],"collection":[{"href":"https:\/\/budy.przemyska.pl\/index.php\/wp-json\/wp\/v2\/posts"}],"about":[{"href":"https:\/\/budy.przemyska.pl\/index.php\/wp-json\/wp\/v2\/types\/post"}],"author":[{"embeddable":true,"href":"https:\/\/budy.przemyska.pl\/index.php\/wp-json\/wp\/v2\/users\/1"}],"replies":[{"embeddable":true,"href":"https:\/\/budy.przemyska.pl\/index.php\/wp-json\/wp\/v2\/comments?post=2607"}],"version-history":[{"count":0,"href":"https:\/\/budy.przemyska.pl\/index.php\/wp-json\/wp\/v2\/posts\/2607\/revisions"}],"wp:attachment":[{"href":"https:\/\/budy.przemyska.pl\/index.php\/wp-json\/wp\/v2\/media?parent=2607"}],"wp:term":[{"taxonomy":"category","embeddable":true,"href":"https:\/\/budy.przemyska.pl\/index.php\/wp-json\/wp\/v2\/categories?post=2607"},{"taxonomy":"post_tag","embeddable":true,"href":"https:\/\/budy.przemyska.pl\/index.php\/wp-json\/wp\/v2\/tags?post=2607"}],"curies":[{"name":"wp","href":"https:\/\/api.w.org\/{rel}","templated":true}]}}