{"id":2605,"date":"2018-11-25T17:46:42","date_gmt":"2018-11-25T16:46:42","guid":{"rendered":"http:\/\/www.budylancuckie.przemyska.pl\/?p=2605"},"modified":"2018-11-25T17:46:42","modified_gmt":"2018-11-25T16:46:42","slug":"program-religijno-patriotyczny-chor-deo-cantamus-i-nasza-mlodziez","status":"publish","type":"post","link":"https:\/\/budy.przemyska.pl\/index.php\/2018\/11\/25\/program-religijno-patriotyczny-chor-deo-cantamus-i-nasza-mlodziez\/","title":{"rendered":"Program religijno-patriotyczny &#8211; ch\u00f3r Deo Cantamus i nasza m\u0142odzie\u017c"},"content":{"rendered":"<div class=\"fb-post\" data-href=\"https:\/\/www.facebook.com\/parafiabudy\/posts\/1338488499621162\" data-show-text=\"true\" data-width=\"600\">\n<blockquote cite=\"https:\/\/www.facebook.com\/parafiabudy\/posts\/1338488499621162\" class=\"fb-xfbml-parse-ignore\">\n<p>Po Mszy \u015aw popo\u0142udniowej odby\u0142 si\u0119 koncert religijno-patriotyczny w wykonaniu ch&oacute;ru Deo Cantamus z parafii Tuczempy oraz&#8230;<\/p>\n<p>\t\tOpublikowany przez <a href=\"https:\/\/www.facebook.com\/parafiabudy\/\">Parafia pw. Niepokalanego Serca NMP w Budach \u0141a\u0144cuckich<\/a>&nbsp;<a href=\"https:\/\/www.facebook.com\/parafiabudy\/posts\/1338488499621162\">Niedziela, 25 listopada 2018<\/a><\/p><\/blockquote>\n<\/div>\n","protected":false},"excerpt":{"rendered":"<p>Po Mszy \u015aw popo\u0142udniowej odby\u0142 si\u0119 koncert religijno-patriotyczny w wykonaniu ch&oacute;ru Deo Cantamus z parafii Tuczempy oraz&#8230; Opublikowany przez Parafia pw. Niepokalanego Serca NMP w Budach \u0141a\u0144cuckich&nbsp;Niedziela, 25 listopada 2018<\/p>\n","protected":false},"author":1,"featured_media":0,"comment_status":"closed","ping_status":"closed","sticky":false,"template":"","format":"standard","meta":{"footnotes":""},"categories":[6],"tags":[],"class_list":["post-2605","post","type-post","status-publish","format-standard","hentry","category-aktualnosci"],"_links":{"self":[{"href":"https:\/\/budy.przemyska.pl\/index.php\/wp-json\/wp\/v2\/posts\/2605","targetHints":{"allow":["GET"]}}],"collection":[{"href":"https:\/\/budy.przemyska.pl\/index.php\/wp-json\/wp\/v2\/posts"}],"about":[{"href":"https:\/\/budy.przemyska.pl\/index.php\/wp-json\/wp\/v2\/types\/post"}],"author":[{"embeddable":true,"href":"https:\/\/budy.przemyska.pl\/index.php\/wp-json\/wp\/v2\/users\/1"}],"replies":[{"embeddable":true,"href":"https:\/\/budy.przemyska.pl\/index.php\/wp-json\/wp\/v2\/comments?post=2605"}],"version-history":[{"count":0,"href":"https:\/\/budy.przemyska.pl\/index.php\/wp-json\/wp\/v2\/posts\/2605\/revisions"}],"wp:attachment":[{"href":"https:\/\/budy.przemyska.pl\/index.php\/wp-json\/wp\/v2\/media?parent=2605"}],"wp:term":[{"taxonomy":"category","embeddable":true,"href":"https:\/\/budy.przemyska.pl\/index.php\/wp-json\/wp\/v2\/categories?post=2605"},{"taxonomy":"post_tag","embeddable":true,"href":"https:\/\/budy.przemyska.pl\/index.php\/wp-json\/wp\/v2\/tags?post=2605"}],"curies":[{"name":"wp","href":"https:\/\/api.w.org\/{rel}","templated":true}]}}