{"id":2602,"date":"2018-11-24T18:24:06","date_gmt":"2018-11-24T17:24:06","guid":{"rendered":"http:\/\/www.budylancuckie.przemyska.pl\/?p=2602"},"modified":"2018-11-24T18:24:06","modified_gmt":"2018-11-24T17:24:06","slug":"koncert-religijno-patriotyczny-w-uroczystosc-chrystusa-krola","status":"publish","type":"post","link":"https:\/\/budy.przemyska.pl\/index.php\/2018\/11\/24\/koncert-religijno-patriotyczny-w-uroczystosc-chrystusa-krola\/","title":{"rendered":"Koncert religijno-patriotyczny w Uroczysto\u015b\u0107 Chrystusa Kr\u00f3la"},"content":{"rendered":"<div class=\"fb-post\" data-href=\"https:\/\/www.facebook.com\/parafiabudy\/posts\/1337801776356501\" data-show-text=\"true\" data-width=\"600\">\n<blockquote cite=\"https:\/\/www.facebook.com\/parafiabudy\/posts\/1337801776356501\" class=\"fb-xfbml-parse-ignore\">\n<p>W niedziel\u0119 w Uroczysto\u015b\u0107 Chrystusa Kr&oacute;la &ndash; ostatni\u0105 niedziel\u0119 roku liturgicznego o godz. 14:45 odm&oacute;wimy Koronk\u0119 do&#8230;<\/p>\n<p>\t\tOpublikowany przez <a href=\"https:\/\/www.facebook.com\/parafiabudy\/\">Parafia pw. Niepokalanego Serca NMP w Budach \u0141a\u0144cuckich<\/a>&nbsp;<a href=\"https:\/\/www.facebook.com\/parafiabudy\/posts\/1337801776356501\">Sobota, 24 listopada 2018<\/a><\/p><\/blockquote>\n<\/div>\n","protected":false},"excerpt":{"rendered":"<p>W niedziel\u0119 w Uroczysto\u015b\u0107 Chrystusa Kr&oacute;la &ndash; ostatni\u0105 niedziel\u0119 roku liturgicznego o godz. 14:45 odm&oacute;wimy Koronk\u0119 do&#8230; Opublikowany przez Parafia pw. Niepokalanego Serca NMP w Budach \u0141a\u0144cuckich&nbsp;Sobota, 24 listopada 2018<\/p>\n","protected":false},"author":1,"featured_media":0,"comment_status":"closed","ping_status":"closed","sticky":false,"template":"","format":"standard","meta":{"footnotes":""},"categories":[6],"tags":[],"class_list":["post-2602","post","type-post","status-publish","format-standard","hentry","category-aktualnosci"],"_links":{"self":[{"href":"https:\/\/budy.przemyska.pl\/index.php\/wp-json\/wp\/v2\/posts\/2602","targetHints":{"allow":["GET"]}}],"collection":[{"href":"https:\/\/budy.przemyska.pl\/index.php\/wp-json\/wp\/v2\/posts"}],"about":[{"href":"https:\/\/budy.przemyska.pl\/index.php\/wp-json\/wp\/v2\/types\/post"}],"author":[{"embeddable":true,"href":"https:\/\/budy.przemyska.pl\/index.php\/wp-json\/wp\/v2\/users\/1"}],"replies":[{"embeddable":true,"href":"https:\/\/budy.przemyska.pl\/index.php\/wp-json\/wp\/v2\/comments?post=2602"}],"version-history":[{"count":0,"href":"https:\/\/budy.przemyska.pl\/index.php\/wp-json\/wp\/v2\/posts\/2602\/revisions"}],"wp:attachment":[{"href":"https:\/\/budy.przemyska.pl\/index.php\/wp-json\/wp\/v2\/media?parent=2602"}],"wp:term":[{"taxonomy":"category","embeddable":true,"href":"https:\/\/budy.przemyska.pl\/index.php\/wp-json\/wp\/v2\/categories?post=2602"},{"taxonomy":"post_tag","embeddable":true,"href":"https:\/\/budy.przemyska.pl\/index.php\/wp-json\/wp\/v2\/tags?post=2602"}],"curies":[{"name":"wp","href":"https:\/\/api.w.org\/{rel}","templated":true}]}}