{"id":2600,"date":"2018-11-24T18:13:55","date_gmt":"2018-11-24T17:13:55","guid":{"rendered":"http:\/\/www.budylancuckie.przemyska.pl\/?p=2600"},"modified":"2018-11-24T18:13:55","modified_gmt":"2018-11-24T17:13:55","slug":"ogloszenia-parafialne-25-11-2018","status":"publish","type":"post","link":"https:\/\/budy.przemyska.pl\/index.php\/2018\/11\/24\/ogloszenia-parafialne-25-11-2018\/","title":{"rendered":"Og\u0142oszenia parafialne 25-11-2018"},"content":{"rendered":"<h2 style=\"text-align: center;\"><strong><span style=\"color: rgb(0, 0, 128);\">UROCZYSTO\u015a\u0106 CHRYSTUSA KR&Oacute;LA &#8211; 25-11-2018<\/span><\/strong><\/h2>\n<h2 style=\"text-align: center;\"><strong><span style=\"color: rgb(0, 0, 128);\">Og\u0142oszenia<br \/>\n\t<\/span><\/strong><\/h2>\n<ol>\n<li>Dzi\u015b Uroczysto\u015b\u0107 Chrystusa Kr&oacute;la &ndash; ostatnia niedziela roku liturgicznego. O godz. 14:45 odm&oacute;wimy Koronk\u0119 do Mi\u0142osierdzia Bo\u017cego, nast\u0119pnie Msza \u015bw., a po niej koncert ch&oacute;ru ,,Deo cantamus&rdquo; z parafii Tuczempy, kt&oacute;ry b\u0119dzie mia\u0142 charakter religijno-patriotyczny, po\u0142\u0105czony z recytacj\u0105 wierszy naszej m\u0142odzie\u017cy przynale\u017c\u0105cej do KSM-u.<\/li>\n<li>W poniedzia\u0142ek spotkanie ministrant&oacute;w.<\/li>\n<li>W czwartek o godz. 16:00 Adoracja Naj\u015bwi\u0119tszego Sakramentu. O godz. 16:30 r&oacute;\u017caniec.<\/li>\n<li>W pi\u0105tek \u015awi\u0119to \u015bw. Andrzeja, Aposto\u0142a.<\/li>\n<li>W I sobot\u0119 miesi\u0105ca czcimy Niepokalane Serce NMP. O godz. 16:30 Msza \u015bw. i r&oacute;\u017caniec i procesja z figur\u0105 Matki Bo\u017cej Fatimskiej wewn\u0105trz ko\u015bcio\u0142a oraz zmiana tajemnic r&oacute;\u017ca\u0144cowych.<\/li>\n<li>B&oacute;g zap\u0142a\u0107 osobom sprz\u0105taj\u0105cym i stroj\u0105cym ko\u015bci&oacute;\u0142 w tym tygodniu oraz za ofiary na inwestycje w parafii, a tak\u017ce na s\u0142u\u017cb\u0119 ko\u015bcieln\u0105. <\/li>\n<li>Przysz\u0142a niedziela jest pierwsz\u0105 niedziel\u0105 Adwentu..<\/li>\n<\/ol>\n<h3 style=\"text-align: center;\"><strong><span style=\"color: rgb(0, 0, 128);\">Intencje mszalne<\/span><\/strong><\/h3>\n<h4 style=\"text-align: center;\"><strong><span style=\"color: rgb(0, 0, 128);\">od 26 listopada 2018 do 2 grudnia 2018<\/span><\/strong><\/h4>\n<h4><strong><br \/>\n\tGdyby zbyt d\u0142ugi czas nie by\u0142a og\u0142oszona zam&oacute;wiona intencja mszalna &ndash; prosimy o zg\u0142oszenie tego kap\u0142anowi.&nbsp; Czasem zdarza si\u0119 nam co\u015b przegapi\u0107 &ndash; za co przepraszamy.&nbsp; Zam&oacute;wiona intencja nie mo\u017ce zgin\u0105\u0107.<br \/>\n\t<\/strong><\/h4>\n<p><u><strong>Poniedzia\u0142ek &#8211; 26.11.<\/strong><\/u><br \/>\n\t1. + Micha\u0142 Wikiera ( greg.) <br \/>\n\t2. O zdrowie dla Urszuli (916)<br \/>\n\t3. ++ Maria i Stefan Buty\u0144ski od Gra\u017cyny (688)<\/p>\n<p><u><strong>Wtorek &#8211; 27.11.<\/strong><\/u><br \/>\n\t1. + Micha\u0142 Wikiera ( greg.) <br \/>\n\t2. + Irena Szajnar od Marii Moskal z rodz.<br \/>\n\t3. + Maria Por\u0119bna od r. Broda z \u0141a\u0144cuta (733) <\/p>\n<p><u><strong>\u015aroda &#8211; 28.11.<\/strong><\/u><br \/>\n\t1. + Micha\u0142 Wikiera ( greg.) <br \/>\n\t2. + Jan Janusz od r. Wierzbickich (635)<br \/>\n\t3. + Stanis\u0142aw Socha od brata J&oacute;zefa (856)<\/p>\n<p><u><strong>Czwartek &#8211; 29.11<\/strong><\/u><br \/>\n\t1. + Micha\u0142 Wikiera (greg.)<br \/>\n\t2. ++Cecylia i Jan Miara od r. Kraszewskich<br \/>\n\t3. ++ Albina, W\u0142adys\u0142aw, Antoni \u015awizdor (793)<\/p>\n<p>\t<u><strong>Pi\u0105tek &#8211; 30.11<\/strong><\/u><br \/>\n\t1. + Micha\u0142 Wikiera (greg.)<br \/>\n\t2. + Katarzyna Kulpa od wnuczki Kat. z rodz.<br \/>\n\t3. + Ryszard Markowicz od KSM Zmys\u0142&oacute;wka (623)<\/p>\n<p><u><strong>Sobota &#8211; 1.12.<\/strong><\/u><br \/>\n\t1. + Micha\u0142 Wikiera ( greg.) <br \/>\n\t2. + Renata Nowak od kuzyna Piotra z rodz.<br \/>\n\t3. ++ z Wypominek. (876)<\/p>\n<p><u><strong>Niedziela &#8211; 2.12.<\/strong><\/u><br \/>\n\t6:30 ++ Katarzyna, Antoni, Stanis\u0142awa, Ignacy Kurek; Katarzyna, Franciszek Kojder, Marian Worek (838)<br \/>\n\t8:00 + Piotr Ko\u0144 (828)<br \/>\n\t10:30 W intencji parafian <br \/>\n\t15:00 ++ Janina,Stanis\u0142aw Wacnik (826)<br \/>\n\t&nbsp;<\/p>\n<h3 style=\"text-align: center;\"><strong><strong><span style=\"color: rgb(0, 0, 128);\">Modlitw\u0119 r&oacute;\u017ca\u0144cow\u0105 prowadz\u0105:<br \/>\n\t<\/span><\/strong><\/strong><\/h3>\n<p>26.P.R. \u015aw. Stanis\u0142awa biskupa &#8211; (Franciszek Bartnik)<br \/>\n\t27.W. R. \u015aw. Teresy od Dzieci\u0105tka Jezus &#8211; (Dorota Dzierga)<br \/>\n\t28.\u015a.R. \u015aw. Teresy Wielkiej &#8211; (Zofia Wierzbicka)<br \/>\n\t29.C.R. \u015aw. Zofii &#8211; (Zofia Kurek)<br \/>\n\t30.P.R. KSM<br \/>\n\t01.S.R. \u015aw. Tomasza Aposto\u0142a &#8211; (Stanis\u0142aw \u015alimak)<br \/>\n\t02.N.R. Akcja Katolicka.<\/p>\n<p>\t<strong>Wyznaczona R&oacute;\u017ca powinna czu\u0107 si\u0119 zobowi\u0105zana do obecno\u015bci i prowadzenia modlitwy r&oacute;\u017ca\u0144cowej.<\/strong><\/p>\n","protected":false},"excerpt":{"rendered":"<p>UROCZYSTO\u015a\u0106 CHRYSTUSA KR&Oacute;LA &#8211; 25-11-2018 Og\u0142oszenia Dzi\u015b Uroczysto\u015b\u0107 Chrystusa Kr&oacute;la &ndash; ostatnia niedziela roku liturgicznego. O godz. 14:45 odm&oacute;wimy Koronk\u0119 do Mi\u0142osierdzia Bo\u017cego, nast\u0119pnie Msza \u015bw., a po niej koncert &hellip; <a href=\"https:\/\/budy.przemyska.pl\/index.php\/2018\/11\/24\/ogloszenia-parafialne-25-11-2018\/\" class=\"more-link\">Czytaj dalej <span class=\"screen-reader-text\">Og\u0142oszenia parafialne 25-11-2018<\/span> <span class=\"meta-nav\">&rarr;<\/span><\/a><\/p>\n","protected":false},"author":1,"featured_media":0,"comment_status":"closed","ping_status":"closed","sticky":false,"template":"","format":"standard","meta":{"footnotes":""},"categories":[6,4],"tags":[],"class_list":["post-2600","post","type-post","status-publish","format-standard","hentry","category-aktualnosci","category-ogloszenia"],"_links":{"self":[{"href":"https:\/\/budy.przemyska.pl\/index.php\/wp-json\/wp\/v2\/posts\/2600","targetHints":{"allow":["GET"]}}],"collection":[{"href":"https:\/\/budy.przemyska.pl\/index.php\/wp-json\/wp\/v2\/posts"}],"about":[{"href":"https:\/\/budy.przemyska.pl\/index.php\/wp-json\/wp\/v2\/types\/post"}],"author":[{"embeddable":true,"href":"https:\/\/budy.przemyska.pl\/index.php\/wp-json\/wp\/v2\/users\/1"}],"replies":[{"embeddable":true,"href":"https:\/\/budy.przemyska.pl\/index.php\/wp-json\/wp\/v2\/comments?post=2600"}],"version-history":[{"count":0,"href":"https:\/\/budy.przemyska.pl\/index.php\/wp-json\/wp\/v2\/posts\/2600\/revisions"}],"wp:attachment":[{"href":"https:\/\/budy.przemyska.pl\/index.php\/wp-json\/wp\/v2\/media?parent=2600"}],"wp:term":[{"taxonomy":"category","embeddable":true,"href":"https:\/\/budy.przemyska.pl\/index.php\/wp-json\/wp\/v2\/categories?post=2600"},{"taxonomy":"post_tag","embeddable":true,"href":"https:\/\/budy.przemyska.pl\/index.php\/wp-json\/wp\/v2\/tags?post=2600"}],"curies":[{"name":"wp","href":"https:\/\/api.w.org\/{rel}","templated":true}]}}