{"id":2598,"date":"2018-11-17T18:21:02","date_gmt":"2018-11-17T17:21:02","guid":{"rendered":"http:\/\/www.budylancuckie.przemyska.pl\/?p=2598"},"modified":"2018-11-17T18:21:02","modified_gmt":"2018-11-17T17:21:02","slug":"ogloszenia-parafialne-18-11-2018","status":"publish","type":"post","link":"https:\/\/budy.przemyska.pl\/index.php\/2018\/11\/17\/ogloszenia-parafialne-18-11-2018\/","title":{"rendered":"Og\u0142oszenia parafialne 18-11-2018"},"content":{"rendered":"<h2 style=\"text-align: center;\"><strong><span style=\"color: rgb(0, 0, 128);\">XXXIII Niedziela Zwyk\u0142a &#8211; 18-11-2018<\/span><\/strong><\/h2>\n<h2 style=\"text-align: center;\"><strong><span style=\"color: rgb(0, 0, 128);\">Og\u0142oszenia<br \/>\n\t<\/span><\/strong><\/h2>\n<ol>\n<li>O&nbsp; godz. 15:00 nabo\u017ce\u0144stwo do Mi\u0142osierdzia Bo\u017cego i Msza \u015bw.<\/li>\n<li>W tym tygodniu w Liturgii Ko\u015bcio\u0142a wspominamy: we wtorek &ndash; \u015bw. Rafa\u0142a Kalinowskiego, w \u015brod\u0119 &ndash; Ofiarowania NMP, w czwartek &ndash; \u015bw. Cecylii, dziewicy i m\u0119czennicy, w sobot\u0119 &ndash; \u015bw. m\u0119czennik&oacute;w Korea\u0144skich Andrzeja i towarzyszy. <\/li>\n<li>Za tydzie\u0144 Uroczysto\u015b\u0107 Chrystusa Kr&oacute;la &ndash; ostatnia niedziela roku liturgicznego.<\/li>\n<li>24 listopada (sobota) organizowana jest pielgrzymka Akcji Katolickiej i KSM&ndash;u do Archikatedry w Przemy\u015blu, z racji dorocznej Uroczysto\u015bci Patronalnej obu Stowarzysze\u0144. Istnieje mo\u017cliwo\u015b\u0107 wyjazdu tak\u017ce dla tych, kt&oacute;rzy nie przynale\u017c\u0105 do AK, czy KSM-u. Dla ch\u0119tnych zapisy w zakrystii.<\/li>\n<li>25 listopada w Uroczysto\u015b\u0107 Chrystusa Kr&oacute;la, planowany jest w naszej parafii koncert ch&oacute;ru ,,Deo cantamus&rdquo; z parafii Tuczempy. Koncert b\u0119dzie mia\u0142 charakter religijno-patriotyczny, po\u0142\u0105czony z recytacj\u0105 wierszy naszej m\u0142odzie\u017cy przynale\u017c\u0105cej do KSM-u. Rozpocz\u0119cie koncertu, po Mszy \u015bw. popo\u0142udniowej, oko\u0142o godz. 15:50.<\/li>\n<li>B&oacute;g zap\u0142a\u0107 osobom sprz\u0105taj\u0105cym i stroj\u0105cym ko\u015bci&oacute;\u0142 w tym tygodniu oraz za ofiary na inwestycje w parafii, a tak\u017ce na s\u0142u\u017cb\u0119 ko\u015bcieln\u0105.<\/li>\n<\/ol>\n<h3 style=\"text-align: center;\"><strong><span style=\"color: rgb(0, 0, 128);\">Intencje mszalne<\/span><\/strong><\/h3>\n<h4 style=\"text-align: center;\"><strong><span style=\"color: rgb(0, 0, 128);\">od 19 listopada 2018 do 25 listopada 2018<\/span><\/strong><\/h4>\n<h4><strong><br \/>\n\tGdyby zbyt d\u0142ugi czas nie by\u0142a og\u0142oszona zam&oacute;wiona intencja mszalna &ndash; prosimy o zg\u0142oszenie tego kap\u0142anowi.&nbsp; Czasem zdarza si\u0119 nam co\u015b przegapi\u0107 &ndash; za co przepraszamy.&nbsp; Zam&oacute;wiona intencja nie mo\u017ce zgin\u0105\u0107.<br \/>\n\t<\/strong><\/h4>\n<p><u><strong>Poniedzia\u0142ek &#8211; 19.11.<\/strong><\/u><br \/>\n\t1. + Micha\u0142 Wikiera ( greg.)<br \/>\n\t2. ++ Zofia i Stanis\u0142aw Kostka (849)<br \/>\n\t3. + Ryszard Nykiel (892) <\/p>\n<p><u><strong>Wtorek &#8211; 20.11.<\/strong><\/u><br \/>\n\t1. + Micha\u0142 Wikiera ( greg.)<br \/>\n\t2. O zdrowie dla Anny (902) <br \/>\n\t3. ++ Genowefa, Stefan, Andrzej, Bogdan Bo\u017cek (716)<\/p>\n<p><u><strong>\u015aroda &#8211; 21.11.<\/strong><\/u><br \/>\n\t1. + Micha\u0142 Wikiera ( greg.)<br \/>\n\t2. + Maria Golenia(629)<br \/>\n\t3. ++ Janina, Mieczys\u0142aw Mi\u015b(734)<\/p>\n<p><u><strong>Czwartek &#8211; 22.11<\/strong><\/u><br \/>\n\t1. + Micha\u0142 Wikiera (greg.) <br \/>\n\t2. +Cecylia Miara od Marysi(894)<br \/>\n\t3. ++ Cecylia Mazur, Cecylia i Jan Tr\u0105d (885)<\/p>\n<p>\t<u><strong>Pi\u0105tek &#8211; 23.11<\/strong><\/u><br \/>\n\t1. + Micha\u0142 Wikiera (greg.) <br \/>\n\t2. + Jan Janusz od kole\u017c. c. Anny z Vipo(632)<br \/>\n\t3. + Ryszard Markowicz od bratanicy Anny z rodz. (648)<\/p>\n<p><u><strong>Sobota &#8211; 24.11.<\/strong><\/u><br \/>\n\t1. + Micha\u0142 Wikiera ( greg.)<br \/>\n\t2. + Renata Nowak od r. Lasek-Kielb (542) <br \/>\n\t3. ++Stanis\u0142aw, Stanis\u0142awa Czech, Roman Bosak (739)<\/p>\n<p><u><strong>Niedziela &#8211; 25.11.<\/strong><\/u><br \/>\n\t6:30 ++ Stanis\u0142awa, Andrzej Bartnik, W\u0142adys\u0142aw Pelc(757)<br \/>\n\t8:00 + Micha\u0142 Wikiera ( greg.) <br \/>\n\t10:30 W intencji parafian<br \/>\n\t15:00 ++ W\u0142adys\u0142aw, Stefania W\u0119grzyn i zm. z rodz. (833)<br \/>\n\t&nbsp;<\/p>\n<h3 style=\"text-align: center;\"><strong><strong><span style=\"color: rgb(0, 0, 128);\">Modlitw\u0119 r&oacute;\u017ca\u0144cow\u0105 prowadz\u0105:<br \/>\n\t<\/span><\/strong><\/strong><\/h3>\n<p>19.P.&nbsp; R. \u015aw. Marii Goretti &#8211; (El\u017cbieta Kukulska)<br \/>\n\t20.W. R. \u015aw. Marty &#8211; (Cz. Por\u0119bna)<br \/>\n\t21.\u015a.&nbsp; R. Matki Bo\u017cej Bolesnej &#8211; (G. Bartnik)<br \/>\n\t22. C. R. Matki Bo\u017cej R&oacute;\u017ca\u0144cowej &#8211; (Zofia \u015awizdor)<br \/>\n\t23.P.&nbsp; R. KSM<br \/>\n\t24.S.&nbsp; R. BMS<br \/>\n\t25.N. R. Matki Bo\u017cej Szkaplerznej&nbsp; &#8211; (M. K\u0142os)<\/p>\n<p>\t<strong>Wyznaczona R&oacute;\u017ca powinna czu\u0107 si\u0119 zobowi\u0105zana do obecno\u015bci i prowadzenia modlitwy r&oacute;\u017ca\u0144cowej.<\/strong><\/p>\n","protected":false},"excerpt":{"rendered":"<p>XXXIII Niedziela Zwyk\u0142a &#8211; 18-11-2018 Og\u0142oszenia O&nbsp; godz. 15:00 nabo\u017ce\u0144stwo do Mi\u0142osierdzia Bo\u017cego i Msza \u015bw. W tym tygodniu w Liturgii Ko\u015bcio\u0142a wspominamy: we wtorek &ndash; \u015bw. Rafa\u0142a Kalinowskiego, w &hellip; <a href=\"https:\/\/budy.przemyska.pl\/index.php\/2018\/11\/17\/ogloszenia-parafialne-18-11-2018\/\" class=\"more-link\">Czytaj dalej <span class=\"screen-reader-text\">Og\u0142oszenia parafialne 18-11-2018<\/span> <span class=\"meta-nav\">&rarr;<\/span><\/a><\/p>\n","protected":false},"author":1,"featured_media":0,"comment_status":"closed","ping_status":"closed","sticky":false,"template":"","format":"standard","meta":{"footnotes":""},"categories":[6,4],"tags":[],"class_list":["post-2598","post","type-post","status-publish","format-standard","hentry","category-aktualnosci","category-ogloszenia"],"_links":{"self":[{"href":"https:\/\/budy.przemyska.pl\/index.php\/wp-json\/wp\/v2\/posts\/2598","targetHints":{"allow":["GET"]}}],"collection":[{"href":"https:\/\/budy.przemyska.pl\/index.php\/wp-json\/wp\/v2\/posts"}],"about":[{"href":"https:\/\/budy.przemyska.pl\/index.php\/wp-json\/wp\/v2\/types\/post"}],"author":[{"embeddable":true,"href":"https:\/\/budy.przemyska.pl\/index.php\/wp-json\/wp\/v2\/users\/1"}],"replies":[{"embeddable":true,"href":"https:\/\/budy.przemyska.pl\/index.php\/wp-json\/wp\/v2\/comments?post=2598"}],"version-history":[{"count":0,"href":"https:\/\/budy.przemyska.pl\/index.php\/wp-json\/wp\/v2\/posts\/2598\/revisions"}],"wp:attachment":[{"href":"https:\/\/budy.przemyska.pl\/index.php\/wp-json\/wp\/v2\/media?parent=2598"}],"wp:term":[{"taxonomy":"category","embeddable":true,"href":"https:\/\/budy.przemyska.pl\/index.php\/wp-json\/wp\/v2\/categories?post=2598"},{"taxonomy":"post_tag","embeddable":true,"href":"https:\/\/budy.przemyska.pl\/index.php\/wp-json\/wp\/v2\/tags?post=2598"}],"curies":[{"name":"wp","href":"https:\/\/api.w.org\/{rel}","templated":true}]}}