{"id":2588,"date":"2018-11-04T09:45:21","date_gmt":"2018-11-04T08:45:21","guid":{"rendered":"http:\/\/www.budylancuckie.przemyska.pl\/?p=2588"},"modified":"2018-11-04T09:45:21","modified_gmt":"2018-11-04T08:45:21","slug":"ogloszenia-parafialne-04-11-2018","status":"publish","type":"post","link":"https:\/\/budy.przemyska.pl\/index.php\/2018\/11\/04\/ogloszenia-parafialne-04-11-2018\/","title":{"rendered":"Og\u0142oszenia parafialne 04-11-2018"},"content":{"rendered":"<h2 style=\"text-align: center;\"><strong><span style=\"color: rgb(0, 0, 128);\">XXXI Niedziela Zwyk\u0142a &#8211; 04-11-2018<\/span><\/strong><\/h2>\n<h2 style=\"text-align: center;\"><strong><span style=\"color: rgb(0, 0, 128);\">Og\u0142oszenia<br \/>\n\t<\/span><\/strong><\/h2>\n<ol>\n<li>Dzi\u015b o godz. 15:00 R&oacute;\u017caniec w intencji zmar\u0142ych polecanych w tegorocznych wypominkach, nast\u0119pnie Msza \u015bw.<\/li>\n<li>W czwartek o godz. 16:00 Adoracja Naj\u015bwi\u0119tszego Sakramentu. O godz. 16:30 r&oacute;\u017caniec za zmar\u0142ych polecanych w tegorocznych wypominkach.<\/li>\n<li>W pi\u0105tek \u015awi\u0119to Rocznicy Po\u015bwi\u0119cenia Bazyliki Latera\u0144skiej. Po Mszy \u015bw. spotkanie Akcji Katolickiej. W sobot\u0119 wspominamy \u015bw. Leona Wielkiego, papie\u017ca i doktora Ko\u015bcio\u0142a.<\/li>\n<li><a href=\"https:\/\/www.facebook.com\/photo.php?fbid=1551677278310782&amp;set=a.625255677619618&amp;type=3&amp;eid=ARDcjfq2kV9PH9S0uV7R7AJOPLmgLKAETx6OjWtovrEGzgLrlKD_riqaPwz8DgCSOk73TpAwquwZNMBt\" target=\"_blank\" rel=\"noopener\">10 listopada w Przeworsku organizowany jest charytatywny turniej pi\u0142ki no\u017cnej. Wi\u0119cej informacji na plakacie w gablotce parafialnej.<\/a><\/li>\n<li>W najbli\u017csz\u0105 niedziel\u0119 11 listopada b\u0119dziemy \u015bwi\u0119towa\u0107 100 &#8211; lecie odzyskania Niepodleg\u0142o\u015bci. W naszych modlitwach pami\u0119tajmy o Ojczy\u017anie oraz o tych, kt&oacute;rzy w obronie naszej wolno\u015bci oddali swoje \u017cycie.<\/li>\n<li>Trwa miesi\u0105c listopad, czas pami\u0119ci i modlitwy za zmar\u0142ych. Pami\u0119tajmy o naszych bliskich, kt&oacute;rzy licz\u0105 na nasz\u0105 pomoc, oka\u017cmy im serce bior\u0105c udzia\u0142 w wypominkach , kt&oacute;re s\u0105 codziennie przed Msz\u0105 \u015bw. si\u0119 o godz. 16:30. Wypominki wypisujemy na kartkach i sk\u0142adamy do koszyka przy ambonce, albo w zakrystii. Kto by chcia\u0142, aby kartka z wypominkami by\u0142a odczytana w danym dniu, nale\u017cy j\u0105 w tym dniu, w\u0142o\u017cy\u0107 do koszyka.<\/li>\n<li>B&oacute;g zap\u0142a\u0107 osobom sprz\u0105taj\u0105cym i stroj\u0105cym ko\u015bci&oacute;\u0142 w tym tygodniu oraz za ofiary na inwestycje w parafii, a tak\u017ce na s\u0142u\u017cb\u0119 ko\u015bcieln\u0105. .<\/li>\n<\/ol>\n<h3 style=\"text-align: center;\"><strong><span style=\"color: rgb(0, 0, 128);\">Intencje mszalne<\/span><\/strong><\/h3>\n<h4 style=\"text-align: center;\"><strong><span style=\"color: rgb(0, 0, 128);\">od 5 listopada 2018 do 11 listopada 2018<\/span><\/strong><\/h4>\n<h4><strong><br \/>\n\tGdyby zbyt d\u0142ugi czas nie by\u0142a og\u0142oszona zam&oacute;wiona intencja mszalna &ndash; prosimy o zg\u0142oszenie tego kap\u0142anowi.&nbsp; Czasem zdarza si\u0119 nam co\u015b przegapi\u0107 &ndash; za co przepraszamy.&nbsp; Zam&oacute;wiona intencja nie mo\u017ce zgin\u0105\u0107.<br \/>\n\t<\/strong><\/h4>\n<p><u><strong>Poniedzia\u0142ek &#8211; 5.11.<\/strong><\/u><br \/>\n\t1. + Micha\u0142 Wikiera ( greg.)<br \/>\n\t2. ++ dusz w czy\u015b\u0107cu ssierpi\u0105ce (430)<br \/>\n\t3. + Stanis\u0142aw Socha od kuzynki Zofii (570)<\/p>\n<p><u><strong>Wtorek &#8211; 6.11.<\/strong><\/u><br \/>\n\t1. + Micha\u0142 Wikiera ( greg.)<br \/>\n\t2. + Cecylia Mazur od chrze\u015bniaka Krzysztofa (464)<br \/>\n\t3. + W\u0142adys\u0142aw Cebulak od kol.l c. Katarzyny z Bispol (453)<\/p>\n<p><u><strong>\u015aroda &#8211; 7.11.<\/strong><\/u><br \/>\n\t1. + Micha\u0142 Wikiera ( greg.)<br \/>\n\t2. + Renata Nowak od r. Sier\u017c\u0119ga &#8211; Fus (510)<br \/>\n\t3. + Franciszek Bosak(829)<\/p>\n<p><u><strong>Czwartek &#8211; 8.11<\/strong><\/u><br \/>\n\t1. + Micha\u0142 Wikiera (greg.) <br \/>\n\t2. + Zofia i W\u0142adys\u0142aw Peszek(625)<br \/>\n\t3. ++ Teresa i Tomasz Mach (638)<\/p>\n<p>\t<u><strong>Pi\u0105tek &#8211; 9.11<\/strong><\/u><br \/>\n\t1. + Micha\u0142 Wikiera (greg.) <br \/>\n\t2. + Antoni Golak(837)<br \/>\n\t3. + Zofia Wo\u015b od wnuk&oacute;w z Kosiny (497)<\/p>\n<p><u><strong>Sobota &#8211; 10.11.<\/strong><\/u><br \/>\n\t1. + Micha\u0142 Wikiera ( greg.)<br \/>\n\t2. + Jan Janusz od prac. BP II o \/ Rzesz&oacute;w(631) <br \/>\n\t3. + Ryszard Markowicz od Br. Czes\u0142awa z rodz. (600)<\/p>\n<p><u><strong>Niedziela &#8211; 11.11.<\/strong><\/u><br \/>\n\t6:30 ++ Z wypominek<br \/>\n\t8:00 Dzi\u0119kcz. i o b\u0142og. B. w 25 rocz ur. Karoliny (751)<br \/>\n\t10:30 W intencji parafian<br \/>\n\t15:00 + Micha\u0142 Wikiera ( greg.)<br \/>\n\t&nbsp;<\/p>\n<h3 style=\"text-align: center;\"><strong><strong><span style=\"color: rgb(0, 0, 128);\">Modlitw\u0119 r&oacute;\u017ca\u0144cow\u0105 prowadz\u0105:<br \/>\n\t<\/span><\/strong><\/strong><\/h3>\n<p>11.N.R. \u015aw. Heleny &#8211; (Helena Dyrda)<\/p>\n<p>\t<strong>Wyznaczona R&oacute;\u017ca powinna czu\u0107 si\u0119 zobowi\u0105zana do obecno\u015bci i prowadzenia modlitwy r&oacute;\u017ca\u0144cowej.<\/strong><\/p>\n","protected":false},"excerpt":{"rendered":"<p>XXXI Niedziela Zwyk\u0142a &#8211; 04-11-2018 Og\u0142oszenia Dzi\u015b o godz. 15:00 R&oacute;\u017caniec w intencji zmar\u0142ych polecanych w tegorocznych wypominkach, nast\u0119pnie Msza \u015bw. W czwartek o godz. 16:00 Adoracja Naj\u015bwi\u0119tszego Sakramentu. O &hellip; <a href=\"https:\/\/budy.przemyska.pl\/index.php\/2018\/11\/04\/ogloszenia-parafialne-04-11-2018\/\" class=\"more-link\">Czytaj dalej <span class=\"screen-reader-text\">Og\u0142oszenia parafialne 04-11-2018<\/span> <span class=\"meta-nav\">&rarr;<\/span><\/a><\/p>\n","protected":false},"author":1,"featured_media":0,"comment_status":"closed","ping_status":"closed","sticky":false,"template":"","format":"standard","meta":{"footnotes":""},"categories":[6,4],"tags":[],"class_list":["post-2588","post","type-post","status-publish","format-standard","hentry","category-aktualnosci","category-ogloszenia"],"_links":{"self":[{"href":"https:\/\/budy.przemyska.pl\/index.php\/wp-json\/wp\/v2\/posts\/2588","targetHints":{"allow":["GET"]}}],"collection":[{"href":"https:\/\/budy.przemyska.pl\/index.php\/wp-json\/wp\/v2\/posts"}],"about":[{"href":"https:\/\/budy.przemyska.pl\/index.php\/wp-json\/wp\/v2\/types\/post"}],"author":[{"embeddable":true,"href":"https:\/\/budy.przemyska.pl\/index.php\/wp-json\/wp\/v2\/users\/1"}],"replies":[{"embeddable":true,"href":"https:\/\/budy.przemyska.pl\/index.php\/wp-json\/wp\/v2\/comments?post=2588"}],"version-history":[{"count":0,"href":"https:\/\/budy.przemyska.pl\/index.php\/wp-json\/wp\/v2\/posts\/2588\/revisions"}],"wp:attachment":[{"href":"https:\/\/budy.przemyska.pl\/index.php\/wp-json\/wp\/v2\/media?parent=2588"}],"wp:term":[{"taxonomy":"category","embeddable":true,"href":"https:\/\/budy.przemyska.pl\/index.php\/wp-json\/wp\/v2\/categories?post=2588"},{"taxonomy":"post_tag","embeddable":true,"href":"https:\/\/budy.przemyska.pl\/index.php\/wp-json\/wp\/v2\/tags?post=2588"}],"curies":[{"name":"wp","href":"https:\/\/api.w.org\/{rel}","templated":true}]}}