{"id":2581,"date":"2018-10-22T19:43:08","date_gmt":"2018-10-22T17:43:08","guid":{"rendered":"http:\/\/www.budylancuckie.przemyska.pl\/?p=2581"},"modified":"2018-10-22T19:43:08","modified_gmt":"2018-10-22T17:43:08","slug":"ogloszenia-parafialne-21-10-2018","status":"publish","type":"post","link":"https:\/\/budy.przemyska.pl\/index.php\/2018\/10\/22\/ogloszenia-parafialne-21-10-2018\/","title":{"rendered":"Og\u0142oszenia parafialne 21-10-2018"},"content":{"rendered":"<h2 style=\"text-align: center;\"><strong><span style=\"color: rgb(0, 0, 128);\">XXIX Niedziela Zwyk\u0142a &#8211; 21-10-2018<\/span><\/strong><\/h2>\n<h2 style=\"text-align: center;\"><strong><span style=\"color: rgb(0, 0, 128);\">Og\u0142oszenia<br \/>\n\t<\/span><\/strong><\/h2>\n<ol>\n<li>Dzi\u015b rozpoczyna si\u0119 Tydzie\u0144 Misyjny. M&oacute;dlmy si\u0119 za misje na wszystkich kontynentach. Modlitw\u0105 i ofiar\u0105 wspomagajmy misjonarzy. Pami\u0119tajmy szczeg&oacute;lnie o tych, kt&oacute;rzy pochodz\u0105 z naszej diecezji. O godz. 15:00 nabo\u017ce\u0144stwo r&oacute;\u017ca\u0144cowe i Msza \u015bw.<\/li>\n<li>W poniedzia\u0142ek wspomnienie \u015bw. Jana Paw\u0142a II. Po Mszy \u015bw. spotkanie kandydat&oacute;w do sakramentu bierzmowania z klas VI, VII i VIII.<\/li>\n<li>W \u015brod\u0119 wspominamy b\u0142. Jan Wojciecha Balickiego, prezbitera.<\/li>\n<li>We czwartek o godz. 16:00 adoracja Naj\u015bwi\u0119tszego Sakramentu. Nast\u0119pnie r&oacute;\u017caniec i Msza \u015bw. <\/li>\n<li>Zbli\u017ca si\u0119 Uroczysto\u015b\u0107 Wszystkich \u015awi\u0119tych oraz czas szczeg&oacute;lnej pami\u0119ci i modlitwy za naszych zmar\u0142ych. Niech znakiem naszej mi\u0142o\u015bci i wdzi\u0119czno\u015bci wobec tych, kt&oacute;rzy odeszli, b\u0119dzie nasze duchowe wsparcie dla nich oraz troska o uporz\u0105dkowanie ich grob&oacute;w i ca\u0142ego cmentarza.<\/li>\n<li>Wypominki, jak co roku wypisujemy na kartkach i sk\u0142adamy do koszyka przy ambonce, albo w zakrystii. Kto by chcia\u0142, aby kartka z wypominkami by\u0142a odczytana w dniu wiadomym, nale\u017cy j\u0105 w tym dniu w\u0142o\u017cy\u0107 do koszyka. Wypominki b\u0119d\u0105 odczytywane po Uroczysto\u015bci Wszystkich \u015awi\u0119tych przed ka\u017cd\u0105 Msz\u0105 \u015bwi\u0119t\u0105 o godzinie godz. 16:30.<\/li>\n<li>B&oacute;g zap\u0142a\u0107 osobom sprz\u0105taj\u0105cym i stroj\u0105cym ko\u015bci&oacute;\u0142 w tym tygodniu oraz za ofiary na inwestycje w parafii, a tak\u017ce na s\u0142u\u017cb\u0119 ko\u015bcieln\u0105..<\/li>\n<\/ol>\n<h3 style=\"text-align: center;\"><strong><span style=\"color: rgb(0, 0, 128);\">Intencje mszalne<\/span><\/strong><\/h3>\n<h4 style=\"text-align: center;\"><strong><span style=\"color: rgb(0, 0, 128);\">od 22 pa\u017adziernika 2018 do 28 pa\u017adziernika 2018<\/span><\/strong><\/h4>\n<h4><strong><br \/>\n\tGdyby zbyt d\u0142ugi czas nie by\u0142a og\u0142oszona zam&oacute;wiona intencja mszalna &ndash; prosimy o zg\u0142oszenie tego kap\u0142anowi.&nbsp; Czasem zdarza si\u0119 nam co\u015b przegapi\u0107 &ndash; za co przepraszamy.&nbsp; Zam&oacute;wiona intencja nie mo\u017ce zgin\u0105\u0107.<br \/>\n\t<\/strong><\/h4>\n<p><u><strong>Poniedzia\u0142ek &#8211; 22.10.<\/strong><\/u><br \/>\n\t1. + Helena Machniak ( greg.) <br \/>\n\t2. + Stanis\u0142aw Socha od s\u0105siad&oacute;w Szczyrb&oacute;w (569)<br \/>\n\t3. + Ryszard Markowicz od swat&oacute;w z Przeworska (598) <\/p>\n<p><u><strong>Wtorek &#8211; 23.10.<\/strong><\/u><br \/>\n\t1. + Helena Machniak ( greg.) <br \/>\n\t2. ++ Tadeusz Nowak i rodzice (764)<br \/>\n\t3. + J&oacute;zef Bielecki od szwagra Stnis\u0142awa (585)<\/p>\n<p><u><strong>\u015aroda &#8211; 24.10.<\/strong><\/u><br \/>\n\t1. + Helena Machniak ( greg.)<br \/>\n\t2. ++ Julia, W\u0142adys\u0142aw Szajnar, J&oacute;zef Hypnar (565)<br \/>\n\t3. + Zofia Wo\u015b(555)<\/p>\n<p><u><strong>Czwartek &#8211; 25.10<\/strong><\/u><br \/>\n\t1. + Helena Machniak ( greg.) <br \/>\n\t2. ++ Stanis\u0142aw i Zofia Bartnik(756)<br \/>\n\t3. + Renata Nowak od s. Lucyny (514)<\/p>\n<p>\t<u><strong>Pi\u0105tek &#8211; 26.10<\/strong><\/u><br \/>\n\t1. + Helena Machniak ( greg.) <br \/>\n\t2. ++ Aniela, J&oacute;zef Boles\u0142aw Stafiej, Stefania Cyburt, Franciszka W\u0119grzyn, Helena Wojnar, W\u0142adys\u0142awa Bia\u0142y (436)<br \/>\n\t3. ++ Stanis\u0142aw Bosak, zm. z rodz., dusze w czy\u015b\u0107cu(765)<\/p>\n<p><u><strong>Sobota &#8211; 27.10.<\/strong><\/u><br \/>\n\t1. + Helena Machniak ( greg.) <br \/>\n\t2. ++ Agata i W\u0142adys\u0142aw Bartnik (792) <br \/>\n\t3. ++ J&oacute;zef, Tadeusz , W\u0142adys\u0142aw Cebulak i rodzice (752)<\/p>\n<p><u><strong>Niedziela &#8211; 28.10.<\/strong><\/u><br \/>\n\t6:30 ++ Tadeusz Tadeusz, Cecylia, Stanis\u0142aw \u015awizdor, J&oacute;zef Olejarka (722)<br \/>\n\t8:00 Dzi\u0119k. i o b\u0142og. B w 40 r. \u015blubu (774) <br \/>\n\t10:30 W intencji parafian<br \/>\n\t15:00 + Helena Machniak ( greg.)<br \/>\n\t&nbsp;<\/p>\n<h3 style=\"text-align: center;\"><strong><strong><span style=\"color: rgb(0, 0, 128);\">Modlitw\u0119 r&oacute;\u017ca\u0144cow\u0105 prowadz\u0105:<br \/>\n\t<\/span><\/strong><\/strong><\/h3>\n<p>28.N. R. \u015aw. Genowefy &#8211; (Genowefa Dr\u0105\u017cek)<\/p>\n<p>\t<strong>Wyznaczona R&oacute;\u017ca powinna czu\u0107 si\u0119 zobowi\u0105zana do obecno\u015bci i prowadzenia modlitwy r&oacute;\u017ca\u0144cowej.<\/strong><\/p>\n","protected":false},"excerpt":{"rendered":"<p>XXIX Niedziela Zwyk\u0142a &#8211; 21-10-2018 Og\u0142oszenia Dzi\u015b rozpoczyna si\u0119 Tydzie\u0144 Misyjny. M&oacute;dlmy si\u0119 za misje na wszystkich kontynentach. Modlitw\u0105 i ofiar\u0105 wspomagajmy misjonarzy. Pami\u0119tajmy szczeg&oacute;lnie o tych, kt&oacute;rzy pochodz\u0105 z &hellip; <a href=\"https:\/\/budy.przemyska.pl\/index.php\/2018\/10\/22\/ogloszenia-parafialne-21-10-2018\/\" class=\"more-link\">Czytaj dalej <span class=\"screen-reader-text\">Og\u0142oszenia parafialne 21-10-2018<\/span> <span class=\"meta-nav\">&rarr;<\/span><\/a><\/p>\n","protected":false},"author":1,"featured_media":0,"comment_status":"closed","ping_status":"closed","sticky":false,"template":"","format":"standard","meta":{"footnotes":""},"categories":[6,4],"tags":[],"class_list":["post-2581","post","type-post","status-publish","format-standard","hentry","category-aktualnosci","category-ogloszenia"],"_links":{"self":[{"href":"https:\/\/budy.przemyska.pl\/index.php\/wp-json\/wp\/v2\/posts\/2581","targetHints":{"allow":["GET"]}}],"collection":[{"href":"https:\/\/budy.przemyska.pl\/index.php\/wp-json\/wp\/v2\/posts"}],"about":[{"href":"https:\/\/budy.przemyska.pl\/index.php\/wp-json\/wp\/v2\/types\/post"}],"author":[{"embeddable":true,"href":"https:\/\/budy.przemyska.pl\/index.php\/wp-json\/wp\/v2\/users\/1"}],"replies":[{"embeddable":true,"href":"https:\/\/budy.przemyska.pl\/index.php\/wp-json\/wp\/v2\/comments?post=2581"}],"version-history":[{"count":0,"href":"https:\/\/budy.przemyska.pl\/index.php\/wp-json\/wp\/v2\/posts\/2581\/revisions"}],"wp:attachment":[{"href":"https:\/\/budy.przemyska.pl\/index.php\/wp-json\/wp\/v2\/media?parent=2581"}],"wp:term":[{"taxonomy":"category","embeddable":true,"href":"https:\/\/budy.przemyska.pl\/index.php\/wp-json\/wp\/v2\/categories?post=2581"},{"taxonomy":"post_tag","embeddable":true,"href":"https:\/\/budy.przemyska.pl\/index.php\/wp-json\/wp\/v2\/tags?post=2581"}],"curies":[{"name":"wp","href":"https:\/\/api.w.org\/{rel}","templated":true}]}}