{"id":2578,"date":"2018-10-14T08:45:27","date_gmt":"2018-10-14T06:45:27","guid":{"rendered":"http:\/\/www.budylancuckie.przemyska.pl\/?p=2578"},"modified":"2018-10-14T08:45:27","modified_gmt":"2018-10-14T06:45:27","slug":"ogloszenia-parafialne-14-10-2018","status":"publish","type":"post","link":"https:\/\/budy.przemyska.pl\/index.php\/2018\/10\/14\/ogloszenia-parafialne-14-10-2018\/","title":{"rendered":"Og\u0142oszenia parafialne 14-10-2018"},"content":{"rendered":"<h2 style=\"text-align: center;\"><strong><span style=\"color: rgb(0, 0, 128);\">XXVIII Niedziela Zwyk\u0142a &#8211; 14-10-2018<\/span><\/strong><\/h2>\n<h2 style=\"text-align: center;\"><strong><span style=\"color: rgb(0, 0, 128);\">Og\u0142oszenia<br \/>\n\t<\/span><\/strong><\/h2>\n<ol>\n<li>Dzi\u015b obchodzimy <a href=\"https:\/\/dzielo.pl\/\" target=\"_blank\" rel=\"noopener\">Dzie\u0144 Papieski<\/a> pod has\u0142em: ,,Promieniowanie Ojcostwa&rdquo;. O godz. 15:00 nabo\u017ce\u0144stwo r&oacute;\u017ca\u0144cowe i Msza \u015bw.<\/li>\n<li>W poniedzia\u0142ek wspominamy \u015bw. Teres\u0119 od Jezusa, we wtorek &#8211; \u015bw. Jadwig\u0119 \u015al\u0105sk\u0105, zakonnic\u0119 i w \u015brod\u0119 &#8211; \u015bw. Ignacego Antioche\u0144skiego, biskupa i m\u0119czennika. <\/li>\n<li>We czwartek o godz. 16:00 adoracja Naj\u015bwi\u0119tszego Sakramentu nast\u0119pnie r&oacute;\u017caniec i Msza \u015bw. W tym dniu obchodzimy \u015bwi\u0119to \u015bw. \u0141ukasza, patrona s\u0142u\u017cby zdrowia, nasz\u0105 modlitw\u0105 otoczmy wszystkich pracuj\u0105cych w s\u0142u\u017cbie zdrowia. <\/li>\n<li><a href=\"http:\/\/przemyska.pl\/wydarzenie\/pielgrzymka-dziela-pomocy-powolaniom-5\/\" target=\"_blank\" rel=\"noopener\">W sobot\u0119 w katedrze Przemyskiej spotkanie cz\u0142onk&oacute;w Dzie\u0142a Pomocy Powo\u0142aniom<\/a>. W tym dniu m&oacute;dlmy si\u0119 za wszystkich, kt&oacute;rzy przygotowuj\u0105 si\u0119 do kap\u0142a\u0144stwa. W tym dniu wspominamy \u015bw. Jana Kantego, prezbitera. W naszym dekanacie odpust w \u017bo\u0142yni.<\/li>\n<li>Trwa miesi\u0105c pa\u017adziernik. Zapraszamy do licznego udzia\u0142u dzieci, m\u0142odzie\u017c i starszych w nabo\u017ce\u0144stwach r&oacute;\u017ca\u0144cowych. Przy\u0142\u0105czmy si\u0119 jak najliczniej do grona os&oacute;b odmawiaj\u0105cych r&oacute;\u017caniec \u015bwi\u0119ty.<\/li>\n<li>Za tydzie\u0144 trzecia niedziele miesi\u0105ca &ndash; w naszej parafii tzw. niedziela inwestycyjna. Jest to zarazem niedziela rozpoczynaj\u0105ca w ca\u0142ym Ko\u015bciele <a href=\"http:\/\/www.misje.pl\/\" target=\"_blank\" rel=\"noopener\">Tydzie\u0144 Misyjny<\/a>.<\/li>\n<li>B&oacute;g zap\u0142a\u0107 osobom sprz\u0105taj\u0105cym i stroj\u0105cym ko\u015bci&oacute;\u0142 w tym tygodniu oraz za ofiary na inwestycje w parafii, a tak\u017ce na s\u0142u\u017cb\u0119 ko\u015bcieln\u0105. .<\/li>\n<\/ol>\n<h3 style=\"text-align: center;\"><strong><span style=\"color: rgb(0, 0, 128);\">Intencje mszalne<\/span><\/strong><\/h3>\n<h4 style=\"text-align: center;\"><strong><span style=\"color: rgb(0, 0, 128);\">od 15 pa\u017adziernika 2018 do 21 pa\u017adziernika 2018<\/span><\/strong><\/h4>\n<h4><strong><br \/>\n\tGdyby zbyt d\u0142ugi czas nie by\u0142a og\u0142oszona zam&oacute;wiona intencja mszalna &ndash; prosimy o zg\u0142oszenie tego kap\u0142anowi.&nbsp; Czasem zdarza si\u0119 nam co\u015b przegapi\u0107 &ndash; za co przepraszamy.&nbsp; Zam&oacute;wiona intencja nie mo\u017ce zgin\u0105\u0107.<br \/>\n\t<\/strong><\/h4>\n<p><u><strong>Poniedzia\u0142ek &#8211; 1510.<\/strong><\/u><br \/>\n\t1. + Helena Machniak ( greg.)<br \/>\n\t2. ++ Stanis\u0142aw i Franciszka Rupar (737)<br \/>\n\t3. + Helena Dul\u0119ba od kol. z pracy s. Piotra (768) <\/p>\n<p><u><strong>Wtorek &#8211; 16.10.<\/strong><\/u><br \/>\n\t1. + Helena Machniak ( greg.)<br \/>\n\t2. + Cecylia Miara od Akcji Kat. (736)<br \/>\n\t3. + Maria Por\u0119bna od c. J&oacute;zefy i Bart\u0142omieja (729)<\/p>\n<p><u><strong>\u015aroda &#8211; 17.10.<\/strong><\/u><br \/>\n\t1. + Helena Machniak ( greg.) <br \/>\n\t2. ++ Agata, Teresa, Jan W\u0142adys\u0142aw (0)<br \/>\n\t3. Dzi\u0119k. i o b\u0142og. B. w 59 rocz \u015blubu (774)<\/p>\n<p><u><strong>Czwartek &#8211; 18.10<\/strong><\/u><br \/>\n\t1. + Helena Machniak ( greg.) <br \/>\n\t2. + Jan Aab od r. Harpul&oacute;w z Przeworska (670)<br \/>\n\t3. + Jan Gog&oacute;j, W\u0142adys\u0142aw Cebulak i zm.z rodz. (761)<\/p>\n<p>\t<u><strong>Pi\u0105tek &#8211; 19.10<\/strong><\/u><br \/>\n\t1. + Helena Machniak ( greg.) <br \/>\n\t2. ++ Walenty i Maria Bo\u017cek (671)<br \/>\n\t3. ++ Stanis\u0142aw, J&oacute;zef Dyrda i zm. z rodz. (772)<\/p>\n<p><u><strong>Sobota &#8211; 20.10.<\/strong><\/u><br \/>\n\t1. + Helena Machniak ( greg.) <br \/>\n\t2. ++ J&oacute;zef, Franciszka, Zbigniew Cebulak (654) <br \/>\n\t3. + Katarzyna Kulpa od c&oacute;rki z m\u0119\u017cem (775)<\/p>\n<p><u><strong>Niedziela &#8211; 21.10.<\/strong><\/u><br \/>\n\t6:30 ++ Tadeusz Nowak, Maria Bielecka (717) <br \/>\n\t8:00 ++ J&oacute;zef Kojder i zm. z rodz. (714) <br \/>\n\t10:30 W intencji parafian <br \/>\n\t15:00 + Helena Machniak ( greg.)<br \/>\n\t&nbsp;<\/p>\n<h3 style=\"text-align: center;\"><strong><strong><span style=\"color: rgb(0, 0, 128);\">Modlitw\u0119 r&oacute;\u017ca\u0144cow\u0105 prowadz\u0105:<br \/>\n\t<\/span><\/strong><\/strong><\/h3>\n<p>21.N.R. \u015aw. Faustyny-(Eugenia \u015awizdor)<\/p>\n<p>\t<strong>Wyznaczona R&oacute;\u017ca powinna czu\u0107 si\u0119 zobowi\u0105zana do obecno\u015bci i prowadzenia modlitwy r&oacute;\u017ca\u0144cowej.<\/strong><\/p>\n","protected":false},"excerpt":{"rendered":"<p>XXVIII Niedziela Zwyk\u0142a &#8211; 14-10-2018 Og\u0142oszenia Dzi\u015b obchodzimy Dzie\u0144 Papieski pod has\u0142em: ,,Promieniowanie Ojcostwa&rdquo;. O godz. 15:00 nabo\u017ce\u0144stwo r&oacute;\u017ca\u0144cowe i Msza \u015bw. W poniedzia\u0142ek wspominamy \u015bw. Teres\u0119 od Jezusa, we &hellip; <a href=\"https:\/\/budy.przemyska.pl\/index.php\/2018\/10\/14\/ogloszenia-parafialne-14-10-2018\/\" class=\"more-link\">Czytaj dalej <span class=\"screen-reader-text\">Og\u0142oszenia parafialne 14-10-2018<\/span> <span class=\"meta-nav\">&rarr;<\/span><\/a><\/p>\n","protected":false},"author":1,"featured_media":0,"comment_status":"closed","ping_status":"closed","sticky":false,"template":"","format":"standard","meta":{"footnotes":""},"categories":[6,4],"tags":[],"class_list":["post-2578","post","type-post","status-publish","format-standard","hentry","category-aktualnosci","category-ogloszenia"],"_links":{"self":[{"href":"https:\/\/budy.przemyska.pl\/index.php\/wp-json\/wp\/v2\/posts\/2578","targetHints":{"allow":["GET"]}}],"collection":[{"href":"https:\/\/budy.przemyska.pl\/index.php\/wp-json\/wp\/v2\/posts"}],"about":[{"href":"https:\/\/budy.przemyska.pl\/index.php\/wp-json\/wp\/v2\/types\/post"}],"author":[{"embeddable":true,"href":"https:\/\/budy.przemyska.pl\/index.php\/wp-json\/wp\/v2\/users\/1"}],"replies":[{"embeddable":true,"href":"https:\/\/budy.przemyska.pl\/index.php\/wp-json\/wp\/v2\/comments?post=2578"}],"version-history":[{"count":0,"href":"https:\/\/budy.przemyska.pl\/index.php\/wp-json\/wp\/v2\/posts\/2578\/revisions"}],"wp:attachment":[{"href":"https:\/\/budy.przemyska.pl\/index.php\/wp-json\/wp\/v2\/media?parent=2578"}],"wp:term":[{"taxonomy":"category","embeddable":true,"href":"https:\/\/budy.przemyska.pl\/index.php\/wp-json\/wp\/v2\/categories?post=2578"},{"taxonomy":"post_tag","embeddable":true,"href":"https:\/\/budy.przemyska.pl\/index.php\/wp-json\/wp\/v2\/tags?post=2578"}],"curies":[{"name":"wp","href":"https:\/\/api.w.org\/{rel}","templated":true}]}}