{"id":2574,"date":"2018-10-07T08:50:44","date_gmt":"2018-10-07T06:50:44","guid":{"rendered":"http:\/\/www.budylancuckie.przemyska.pl\/?p=2574"},"modified":"2018-10-07T08:50:44","modified_gmt":"2018-10-07T06:50:44","slug":"ogloszenia-parafialne-07-10-2018","status":"publish","type":"post","link":"https:\/\/budy.przemyska.pl\/index.php\/2018\/10\/07\/ogloszenia-parafialne-07-10-2018\/","title":{"rendered":"Og\u0142oszenia parafialne 07-10-2018"},"content":{"rendered":"<h2 style=\"text-align: center;\"><strong><span style=\"color: rgb(0, 0, 128);\">XXVII Niedziela Zwyk\u0142a &#8211; 07-10-2018<\/span><\/strong><\/h2>\n<h2 style=\"text-align: center;\"><strong><span style=\"color: rgb(0, 0, 128);\">Og\u0142oszenia<br \/>\n\t<\/span><\/strong><\/h2>\n<ol>\n<li>O godz. 15:00 nabo\u017ce\u0144stwo r&oacute;\u017ca\u0144cowe i Msza \u015bw.<\/li>\n<li>W czwartek o godz. 16:00 adoracja Naj\u015bwi\u0119tszego Sakramentu, a 16:30 r&oacute;\u017caniec i Msza \u015bw.<\/li>\n<li>Za tydzie\u0144 obchodzimy Dzie\u0144 Papieski pod has\u0142em: ,,Promieniowanie Ojcostwa&rdquo;. W tym dniu b\u0119dzie mo\u017cliwo\u015b\u0107 wsparcia Fundacji &bdquo;Dzie\u0142o Nowego Tysi\u0105clecia&rdquo;, sk\u0142adaj\u0105c ofiar\u0119 na tac\u0119.<\/li>\n<li>Trwa miesi\u0105c pa\u017adziernik. Zapraszamy do licznego udzia\u0142u dzieci, m\u0142odzie\u017c i starszych w nabo\u017ce\u0144stwach r&oacute;\u017ca\u0144cowych. Tych, kt&oacute;rym obowi\u0105zki nie pozwol\u0105 przyj\u015b\u0107 do ko\u015bcio\u0142a zach\u0119camy do modlitwy r&oacute;\u017ca\u0144cowej w domu. Przy\u0142\u0105czmy si\u0119 jak najliczniej do grona os&oacute;b odmawiaj\u0105cych r&oacute;\u017caniec \u015bwi\u0119ty.<\/li>\n<li>W sobot\u0119 wspominamy b\u0142. Honorata Ko\u017ami\u0144skiego.<\/li>\n<li>Kolejny raz w naszej parafii b\u0119dzie zbi&oacute;rka zu\u017cytych telewizor&oacute;w, monitor&oacute;w, komputer&oacute;w, drukarek itp. urz\u0105dze\u0144. Kto by chcia\u0142 si\u0119 pozby\u0107 tych elektro\u015bmieci, prosimy o przywiezienie ich w dniu 9 pa\u017adziernika do godz. 13 00 i z\u0142o\u017cenie obok wej\u015bcia do salki. Firma kt&oacute;ra organizuje t\u0119 zbi&oacute;rk\u0119, zobowi\u0105za\u0142a si\u0119 do wsparcia materialnego pracy naszych misjonarzy.<\/li>\n<li>B&oacute;g zap\u0142a\u0107 osobom sprz\u0105taj\u0105cym i stroj\u0105cym ko\u015bci&oacute;\u0142 w tym tygodniu oraz za ofiary na inwestycje w parafii, a tak\u017ce na s\u0142u\u017cb\u0119 ko\u015bcieln\u0105.<\/li>\n<li>Zapowiedzi. Grzegorz Kusek, zam. S\u0142upiec 8 i Jolanta Mazur, zam. Budy \u0141a\u0144cuckie 286B. Zapowiedz II.<\/li>\n<\/ol>\n<h3 style=\"text-align: center;\"><strong><span style=\"color: rgb(0, 0, 128);\">Intencje mszalne<\/span><\/strong><\/h3>\n<h4 style=\"text-align: center;\"><strong><span style=\"color: rgb(0, 0, 128);\">od 8 pa\u017adziernika 2018 do 14 pa\u017adziernika 2018<\/span><\/strong><\/h4>\n<h4><strong><br \/>\n\tGdyby zbyt d\u0142ugi czas nie by\u0142a og\u0142oszona zam&oacute;wiona intencja mszalna &ndash; prosimy o zg\u0142oszenie tego kap\u0142anowi.&nbsp; Czasem zdarza si\u0119 nam co\u015b przegapi\u0107 &ndash; za co przepraszamy.&nbsp; Zam&oacute;wiona intencja nie mo\u017ce zgin\u0105\u0107.<br \/>\n\t<\/strong><\/h4>\n<p><u><strong>Poniedzia\u0142ek &#8211; 8.10.<\/strong><\/u><br \/>\n\t1. + Helena Machniak ( greg.)<br \/>\n\t2. + Micha\u0142 Wikiera od swatowej Stanis\u0142awy (319)<br \/>\n\t3. + Stanis\u0142aw Benedyk od s. Micha\u0142a z rodzin\u0105 (969) <\/p>\n<p><u><strong>Wtorek &#8211; 9.10.<\/strong><\/u><br \/>\n\t1. + Helena Machniak ( greg.) <br \/>\n\t2. + Franciszek Wasilewski i zm. rodzice od \u017cony i dzieci <br \/>\n\t3. + Salomea Wasyl od rodziny (741)<\/p>\n<p><u><strong>\u015aroda &#8211; 10.10.<\/strong><\/u><br \/>\n\t1. + Helena Machniak ( greg.) <br \/>\n\t2. ++ Andrzej, Katarzyna, W\u0142adys\u0142aw, Genowefa, Maria, Cecylia Dyrda (651)<br \/>\n\t3. + W\u0142adys\u0142aw Cebulak od r. Pieni\u0105\u017ck&oacute;w (459)<\/p>\n<p><u><strong>Czwartek &#8211; 11.10<\/strong><\/u><br \/>\n\t1. + Helena Machniak ( greg.) <br \/>\n\t2. ++ Sylwester Kubis, W\u0142adys\u0142aw i Anna Harpula<br \/>\n\t3. + Cecylia Miara od brata z rodzin\u0105 (742)<\/p>\n<p>\t<u><strong>Pi\u0105tek &#8211; 12.10<\/strong><\/u><br \/>\n\t1. + Helena Machniak ( greg.) <br \/>\n\t2. + Ignacy lasek i rodzice (755)<br \/>\n\t3. ++ J&oacute;zef, Stanis\u0142awa Bosak i ich rodzice (727)<\/p>\n<p><u><strong>Sobota &#8211; 13.10.<\/strong><\/u><br \/>\n\t1. + Helena Machniak ( greg.) <br \/>\n\t2. ++ Aniela, W\u0142adys\u0142awa, Franciszek Bia\u0142y (744) <br \/>\n\t3. + Jan Janusz od r. Ni\u017cnik&oacute;w (647)<\/p>\n<p><u><strong>Niedziela &#8211; 14.10.<\/strong><\/u><br \/>\n\t6:30 + Teresa Szular od m\u0119\u017ca(760) <br \/>\n\t8:00 + Helena Machniak ( greg.)<br \/>\n\t10:30 W intencji parafian <br \/>\n\t15:00 ++ Czes\u0142awa i J&oacute;zef Ni\u017anik (754)<br \/>\n\t&nbsp;<\/p>\n<h3 style=\"text-align: center;\"><strong><strong><span style=\"color: rgb(0, 0, 128);\">Modlitw\u0119 r&oacute;\u017ca\u0144cow\u0105 prowadz\u0105:<br \/>\n\t<\/span><\/strong><\/strong><\/h3>\n<p>14.N. R. \u015aw. Andrzeja Aposto\u0142a-(J&oacute;zef M\u0105dry)<\/p>\n<p>\t<strong>Wyznaczona R&oacute;\u017ca powinna czu\u0107 si\u0119 zobowi\u0105zana do obecno\u015bci i prowadzenia modlitwy r&oacute;\u017ca\u0144cowej.<\/strong><\/p>\n","protected":false},"excerpt":{"rendered":"<p>XXVII Niedziela Zwyk\u0142a &#8211; 07-10-2018 Og\u0142oszenia O godz. 15:00 nabo\u017ce\u0144stwo r&oacute;\u017ca\u0144cowe i Msza \u015bw. W czwartek o godz. 16:00 adoracja Naj\u015bwi\u0119tszego Sakramentu, a 16:30 r&oacute;\u017caniec i Msza \u015bw. Za tydzie\u0144 &hellip; <a href=\"https:\/\/budy.przemyska.pl\/index.php\/2018\/10\/07\/ogloszenia-parafialne-07-10-2018\/\" class=\"more-link\">Czytaj dalej <span class=\"screen-reader-text\">Og\u0142oszenia parafialne 07-10-2018<\/span> <span class=\"meta-nav\">&rarr;<\/span><\/a><\/p>\n","protected":false},"author":1,"featured_media":0,"comment_status":"closed","ping_status":"closed","sticky":false,"template":"","format":"standard","meta":{"footnotes":""},"categories":[6,4],"tags":[],"class_list":["post-2574","post","type-post","status-publish","format-standard","hentry","category-aktualnosci","category-ogloszenia"],"_links":{"self":[{"href":"https:\/\/budy.przemyska.pl\/index.php\/wp-json\/wp\/v2\/posts\/2574","targetHints":{"allow":["GET"]}}],"collection":[{"href":"https:\/\/budy.przemyska.pl\/index.php\/wp-json\/wp\/v2\/posts"}],"about":[{"href":"https:\/\/budy.przemyska.pl\/index.php\/wp-json\/wp\/v2\/types\/post"}],"author":[{"embeddable":true,"href":"https:\/\/budy.przemyska.pl\/index.php\/wp-json\/wp\/v2\/users\/1"}],"replies":[{"embeddable":true,"href":"https:\/\/budy.przemyska.pl\/index.php\/wp-json\/wp\/v2\/comments?post=2574"}],"version-history":[{"count":0,"href":"https:\/\/budy.przemyska.pl\/index.php\/wp-json\/wp\/v2\/posts\/2574\/revisions"}],"wp:attachment":[{"href":"https:\/\/budy.przemyska.pl\/index.php\/wp-json\/wp\/v2\/media?parent=2574"}],"wp:term":[{"taxonomy":"category","embeddable":true,"href":"https:\/\/budy.przemyska.pl\/index.php\/wp-json\/wp\/v2\/categories?post=2574"},{"taxonomy":"post_tag","embeddable":true,"href":"https:\/\/budy.przemyska.pl\/index.php\/wp-json\/wp\/v2\/tags?post=2574"}],"curies":[{"name":"wp","href":"https:\/\/api.w.org\/{rel}","templated":true}]}}