{"id":2571,"date":"2018-09-30T07:58:48","date_gmt":"2018-09-30T05:58:48","guid":{"rendered":"http:\/\/www.budylancuckie.przemyska.pl\/?p=2571"},"modified":"2018-09-30T07:58:48","modified_gmt":"2018-09-30T05:58:48","slug":"ogloszenia-parafialne-30-09-2018","status":"publish","type":"post","link":"https:\/\/budy.przemyska.pl\/index.php\/2018\/09\/30\/ogloszenia-parafialne-30-09-2018\/","title":{"rendered":"Og\u0142oszenia parafialne 30-09-2018"},"content":{"rendered":"<h2 style=\"text-align: center;\"><strong><span style=\"color: rgb(0, 0, 128);\">XXVI Niedziela Zwyk\u0142a &#8211; 30-09-2018<\/span><\/strong><\/h2>\n<h2 style=\"text-align: center;\"><strong><span style=\"color: rgb(0, 0, 128);\">Og\u0142oszenia<br \/>\n\t<\/span><\/strong><\/h2>\n<ol>\n<li>Dzi\u015b o godz. 15:00 nabo\u017ce\u0144stwo do Mi\u0142osierdzia Bo\u017cego i Msza \u015bw.<\/li>\n<li>Od jutra 1 pa\u017adziernika &#8211; rozpoczynamy Nabo\u017ce\u0144stwa R&oacute;\u017ca\u0144cowe. Zapraszamy do udzia\u0142u w tych nabo\u017ce\u0144stwach dzieci, m\u0142odzie\u017c, starszych &#8211; za odm&oacute;wienie R&oacute;\u017ca\u0144ca (5 tajemnic ) zyskuje si\u0119 odpust zupe\u0142ny, ilekro\u0107 R&oacute;\u017caniec odmawia si\u0119 w ko\u015bciele, w rodzinie. Warunki, kt&oacute;re nale\u017cy spe\u0142ni\u0107 to: 1- wyzbycie si\u0119 wszelkiego przywi\u0105zania do grzechu, nawet lekkiego. 2 &#8211; spowied\u017a i Komunia \u015bw. 3 &#8211; modlitwa w intencjach Ojca \u015awi\u0119tego. Odpust zyskuje si\u0119 raz na dzie\u0144. Jedna spowied\u017a wystarcza do zyskania odpust&oacute;w w wielu dniach. Komunia \u015bw. i modlitwa w intencjach Ojca \u015awi\u0119tego konieczna jest w ka\u017cdym dniu, w kt&oacute;rym odmawia si\u0119 R&oacute;\u017caniec z rozwa\u017caniem poszczeg&oacute;lnych tajemnic. Je\u017celi brakuje kt&oacute;rego\u015b z warunk&oacute;w koniecznych do zyskania odpustu zupe\u0142nego, zyskuje si\u0119 odpust cz\u0105stkowy.<\/li>\n<li>Od jutra Msze \u015bw. wieczorem o godz. 17:00. Po Mszy \u015bw. Nabo\u017ce\u0144stwo R&oacute;\u017ca\u0144cowe. Zapraszamy do licznego udzia\u0142u dzieci, m\u0142odzie\u017c i starszych do naszego ko\u015bcio\u0142a. Tych, kt&oacute;rym obowi\u0105zki nie pozwol\u0105 przyj\u015b\u0107 do ko\u015bcio\u0142a zach\u0119camy do modlitwy r&oacute;\u017ca\u0144cowej w domu. Przy\u0142\u0105czmy si\u0119 jak najliczniej do grona os&oacute;b odmawiaj\u0105cych r&oacute;\u017caniec \u015bwi\u0119ty.<\/li>\n<li>W poniedzia\u0142ek spotkanie ministrant&oacute;w.<\/li>\n<li>W tym tygodniu I czwartek, I pi\u0105tek oraz I sobota miesi\u0105ca.<\/li>\n<li>We czwartek o godz. 16:00 adoracja Naj\u015bwi\u0119tszego Sakramentu. O godz. 16:30 r&oacute;\u017caniec i Msza \u015bw. Po Mszy \u015bw. spotkanie Akcji Katolickiej.<\/li>\n<li>W pi\u0105tek, po Mszy \u015bw. rannej, Komunia \u015bw. chorych w domach. Komuni\u0119 \u015bw. w tym dniu, ofiarujemy na wynagrodzenie Naj\u015bwi\u0119tszemu Sercu Pana Jezusa.<\/li>\n<li>W sobot\u0119 czcimy Niepokalane Serce NMP. O godz. 16:30 Msza \u015bw. r&oacute;\u017caniec i procesja po kt&oacute;rej figura Matki Bo\u017cej zostanie przeniesiona do Kaplicy. Po nabo\u017ce\u0144stwie zmiana tajemnic r&oacute;\u017ca\u0144cowych. W tym dniu dzieci z klas III otrzymaj\u0105 r&oacute;\u017ca\u0144ce.<\/li>\n<li>W dniu 20 pa\u017adziernika 2018 r. w Zespole Szk&oacute;\u0142 Tekstylno &ndash; Gospodarczych w Rakszawie b\u0119dzie obchodzony Jubileusz 125 &ndash; lecia Szkolnictwa Zawodowego w Rakszawie. Serdecznie zapraszamy absolwent&oacute;w szko\u0142y do wzi\u0119cia udzia\u0142u w tych uroczysto\u015bciach.<\/li>\n<li>B&oacute;g zap\u0142a\u0107 osobom sprz\u0105taj\u0105cym i stroj\u0105cym ko\u015bci&oacute;\u0142 w tym tygodniu oraz za ofiary na inwestycje w parafii, a tak\u017ce na s\u0142u\u017cb\u0119 ko\u015bcieln\u0105.<\/li>\n<li>Zapowiedzi. Grzegorz Kusek, s. Adama i Krystyny, zam. S\u0142upiec 8 i Jolanta Mazur, c. J&oacute;zefa i Marii, zam. Budy \u0141a\u0144cuckie 286B. Zapowiedz I. .<\/li>\n<\/ol>\n<h3 style=\"text-align: center;\"><strong><span style=\"color: rgb(0, 0, 128);\">Intencje mszalne<\/span><\/strong><\/h3>\n<h4 style=\"text-align: center;\"><strong><span style=\"color: rgb(0, 0, 128);\">od 1 pa\u017adziernika 2018 do 7 pa\u017adziernika 2018<\/span><\/strong><\/h4>\n<h4><strong><br \/>\n\tGdyby zbyt d\u0142ugi czas nie by\u0142a og\u0142oszona zam&oacute;wiona intencja mszalna &ndash; prosimy o zg\u0142oszenie tego kap\u0142anowi.&nbsp; Czasem zdarza si\u0119 nam co\u015b przegapi\u0107 &ndash; za co przepraszamy.&nbsp; Zam&oacute;wiona intencja nie mo\u017ce zgin\u0105\u0107.<br \/>\n\t<\/strong><\/h4>\n<p><u><strong>Poniedzia\u0142ek &#8211; 1.10.<\/strong><\/u><br \/>\n\t1. + Cecylia Mazur ( greg.) <br \/>\n\t2. + Cecylia Miara od rodze\u0144. synowej Gra\u017cyny<br \/>\n\t3. + Stanis\u0142aw Skiba(673)<\/p>\n<p><u><strong>Wtorek &#8211; 2.10.<\/strong><\/u><br \/>\n\t1. + Helena Machniak ( greg. pocz.) <br \/>\n\t2. + Franciszek Motyka (746)<br \/>\n\t3. + Ignacy Czyrek (720)<\/p>\n<p><u><strong>\u015aroda &#8211; 3.10.<\/strong><\/u><br \/>\n\t1. + Helena Machniak ( greg.)<br \/>\n\t2. ++ Stanis\u0142aw i J&oacute;zef Dyrda (745)<br \/>\n\t3. + Jan Aab od przyjaci&oacute;\u0142 c. Doroty (664)<\/p>\n<p><u><strong>Czwartek &#8211; 4.10<\/strong><\/u><br \/>\n\t1. + Helena Machniak ( greg.)<br \/>\n\t2. ++ Stefan, Anna, J&oacute;zef Szczupak (624)<br \/>\n\t3. + Stanis\u0142aw Cebulak (724)<\/p>\n<p>\t<u><strong>Pi\u0105tek &#8211; 5.10<\/strong><\/u><br \/>\n\t1. + Helena Machniak ( greg.)<br \/>\n\t2. + Franciszek i Marta Wacnik (726)<br \/>\n\t3. + Stefan Buty\u0144ski od s\u0105siadow (430)<\/p>\n<p><u><strong>Sobota &#8211; 6.10.<\/strong><\/u><br \/>\n\t1. + Helena Machniak ( greg.)<br \/>\n\t2. ++ z rodz. Bartnik&oacute;w i Kr&oacute;l&oacute;w (721)<\/p>\n<p><u><strong>Niedziela &#8211; 7.10.<\/strong><\/u><br \/>\n\t6:30 + Renata Nowak od rodz. Bieleckich(540)<br \/>\n\t8:00 + Helena Machniak ( greg.)<br \/>\n\t10:30 W intencji parafian ()<br \/>\n\t15:00 + Ryszard Markowicz od siostry z rodzin\u0105 (610)<br \/>\n\t&nbsp;<\/p>\n<h3 style=\"text-align: center;\"><strong><strong><span style=\"color: rgb(0, 0, 128);\">Modlitw\u0119 r&oacute;\u017ca\u0144cow\u0105 prowadz\u0105:<br \/>\n\t<\/span><\/strong><\/strong><\/h3>\n<p>07.N.R. \u015aw. Agaty- (Patrycji Por\u0119bnej)<\/p>\n<p>\t<strong>Wyznaczona R&oacute;\u017ca powinna czu\u0107 si\u0119 zobowi\u0105zana do obecno\u015bci i prowadzenia modlitwy r&oacute;\u017ca\u0144cowej.<\/strong><\/p>\n","protected":false},"excerpt":{"rendered":"<p>XXVI Niedziela Zwyk\u0142a &#8211; 30-09-2018 Og\u0142oszenia Dzi\u015b o godz. 15:00 nabo\u017ce\u0144stwo do Mi\u0142osierdzia Bo\u017cego i Msza \u015bw. Od jutra 1 pa\u017adziernika &#8211; rozpoczynamy Nabo\u017ce\u0144stwa R&oacute;\u017ca\u0144cowe. Zapraszamy do udzia\u0142u w tych &hellip; <a href=\"https:\/\/budy.przemyska.pl\/index.php\/2018\/09\/30\/ogloszenia-parafialne-30-09-2018\/\" class=\"more-link\">Czytaj dalej <span class=\"screen-reader-text\">Og\u0142oszenia parafialne 30-09-2018<\/span> <span class=\"meta-nav\">&rarr;<\/span><\/a><\/p>\n","protected":false},"author":1,"featured_media":0,"comment_status":"closed","ping_status":"closed","sticky":false,"template":"","format":"standard","meta":{"footnotes":""},"categories":[6,4],"tags":[],"class_list":["post-2571","post","type-post","status-publish","format-standard","hentry","category-aktualnosci","category-ogloszenia"],"_links":{"self":[{"href":"https:\/\/budy.przemyska.pl\/index.php\/wp-json\/wp\/v2\/posts\/2571","targetHints":{"allow":["GET"]}}],"collection":[{"href":"https:\/\/budy.przemyska.pl\/index.php\/wp-json\/wp\/v2\/posts"}],"about":[{"href":"https:\/\/budy.przemyska.pl\/index.php\/wp-json\/wp\/v2\/types\/post"}],"author":[{"embeddable":true,"href":"https:\/\/budy.przemyska.pl\/index.php\/wp-json\/wp\/v2\/users\/1"}],"replies":[{"embeddable":true,"href":"https:\/\/budy.przemyska.pl\/index.php\/wp-json\/wp\/v2\/comments?post=2571"}],"version-history":[{"count":0,"href":"https:\/\/budy.przemyska.pl\/index.php\/wp-json\/wp\/v2\/posts\/2571\/revisions"}],"wp:attachment":[{"href":"https:\/\/budy.przemyska.pl\/index.php\/wp-json\/wp\/v2\/media?parent=2571"}],"wp:term":[{"taxonomy":"category","embeddable":true,"href":"https:\/\/budy.przemyska.pl\/index.php\/wp-json\/wp\/v2\/categories?post=2571"},{"taxonomy":"post_tag","embeddable":true,"href":"https:\/\/budy.przemyska.pl\/index.php\/wp-json\/wp\/v2\/tags?post=2571"}],"curies":[{"name":"wp","href":"https:\/\/api.w.org\/{rel}","templated":true}]}}