{"id":2567,"date":"2018-09-23T07:24:11","date_gmt":"2018-09-23T05:24:11","guid":{"rendered":"http:\/\/www.budylancuckie.przemyska.pl\/?p=2567"},"modified":"2018-09-23T07:24:11","modified_gmt":"2018-09-23T05:24:11","slug":"ogloszenia-parafialne-23-09-2018","status":"publish","type":"post","link":"https:\/\/budy.przemyska.pl\/index.php\/2018\/09\/23\/ogloszenia-parafialne-23-09-2018\/","title":{"rendered":"Og\u0142oszenia parafialne 23-09-2018"},"content":{"rendered":"<h2 style=\"text-align: center;\"><strong><span style=\"color: rgb(0, 0, 128);\">XXV Niedziela Zwyk\u0142a &#8211; 23-09-2018<\/span><\/strong><\/h2>\n<h2 style=\"text-align: center;\"><strong><span style=\"color: rgb(0, 0, 128);\">Og\u0142oszenia<br \/>\n\t<\/span><\/strong><\/h2>\n<ol>\n<li>Dzi\u015b o godz. 15:00 nabo\u017ce\u0144stwo do Mi\u0142osierdzia Bo\u017cego i Msza \u015bw.<\/li>\n<li>W poniedzia\u0142ek spotkanie uczni&oacute;w klas VIII przygotowuj\u0105cych si\u0119 do sakramentu bierzmowania.<\/li>\n<li>We czwartek o godz. 17:00 adoracja Naj\u015bwi\u0119tszego Sakramentu. <\/li>\n<li>W sobot\u0119 \u015bwi\u0119to Archanio\u0142&oacute;w Micha\u0142a, Gabriela i Rafa\u0142a. W tym dniu r&oacute;wnie\u017c, pielgrzymka R&oacute;\u017c R&oacute;\u017ca\u0144cowych do Kalwarii Pac\u0142awskiej. Wyjazd o godz. 8:00 z parkingu obok ko\u015bcio\u0142a. <\/li>\n<li>B&oacute;g zap\u0142a\u0107 osobom sprz\u0105taj\u0105cym i stroj\u0105cym ko\u015bci&oacute;\u0142 w tym tygodniu oraz za ofiary na inwestycje w parafii, a tak\u017ce na s\u0142u\u017cb\u0119 ko\u015bcieln\u0105.<\/li>\n<li>Zapowiedzi: Daniel Ma\u017a, zam. Lubacz&oacute;w i Joanna Mi\u015b, zam. Budy \u0141a\u0144cuckie. Zapowiedz II.<\/li>\n<\/ol>\n<h3 style=\"text-align: center;\"><strong><span style=\"color: rgb(0, 0, 128);\">Intencje mszalne<\/span><\/strong><\/h3>\n<h4 style=\"text-align: center;\"><strong><span style=\"color: rgb(0, 0, 128);\">od 24 wrze\u015bnia 2018 do 30 wrze\u015bnia 2018<\/span><\/strong><\/h4>\n<h4><strong><br \/>\n\tGdyby zbyt d\u0142ugi czas nie by\u0142a og\u0142oszona zam&oacute;wiona intencja mszalna &ndash; prosimy o zg\u0142oszenie tego kap\u0142anowi.&nbsp; Czasem zdarza si\u0119 nam co\u015b przegapi\u0107 &ndash; za co przepraszamy.&nbsp; Zam&oacute;wiona intencja nie mo\u017ce zgin\u0105\u0107.<br \/>\n\t<\/strong><\/h4>\n<p><u><strong>Poniedzia\u0142ek &#8211; 24.9.<\/strong><\/u><br \/>\n\t1. + Cecylia Mazur ( greg.)<br \/>\n\t2. + Jan Trojnar (740)<br \/>\n\t3. + Jakub Rupar(660)<\/p>\n<p><u><strong>Wtorek &#8211; 25.9.<\/strong><\/u><br \/>\n\t1. + Cecylia Mazur ( greg.)<br \/>\n\t2. ++ Anna, Ludwik Harpula i zm. rodzice <br \/>\n\t3. + W\u0142adys\u0142aw Cebulak od szwagra (449)<\/p>\n<p><u><strong>\u015aroda &#8211; 26.9.<\/strong><\/u><br \/>\n\t1. + Cecylia Mazur ( greg.)<br \/>\n\t2. ++ Maria i J&oacute;zef Bieleccy i zm. rodzice <br \/>\n\t3. Dzi\u0119k. i o b\u0142og. B. w 20 rocz. \u015blubu (710)<\/p>\n<p><u><strong>Czwartek &#8211; 27.9<\/strong><\/u><br \/>\n\t1. + Cecylia Mazur ( greg.) <br \/>\n\t2. ++ Aniela, J&oacute;zef Stafiej i ich dzieci: Stefania, Franciszka, Helena, W\u0142adys\u0142awa, Boles\u0142aw (435)<br \/>\n\t3. + Jan Janusz od Wojciecha Pelc z rodz. (637)<\/p>\n<p>\t<u><strong>Pi\u0105tek &#8211; 28.9<\/strong><\/u><br \/>\n\t1. + Cecylia Mazur ( greg.) <br \/>\n\t2. + Franciszek i Maria Pelc (726)<br \/>\n\t3. + Ryszard Markowicz od \u017cony (605)<\/p>\n<p><u><strong>Sobota &#8211; 29.9.<\/strong><\/u><br \/>\n\t1. + Cecylia Mazur ( greg.) <br \/>\n\t2. ++ Anna, Stanis\u0142aw, Ks. Jan Cebulak<\/p>\n<p><u><strong>Niedziela &#8211; 30.9.<\/strong><\/u><br \/>\n\t6:30 ++ Antonina, Teresa, Franciszek Harpula<br \/>\n\t8:00 + Cecylia Miaraod r. Nowak&oacute;w (704) <br \/>\n\t10:30 W intencji parafian <br \/>\n\t15:00 + Cecylia Mazur ( greg.)<br \/>\n\t&nbsp;<\/p>\n<h3 style=\"text-align: center;\"><strong><strong><span style=\"color: rgb(0, 0, 128);\">Modlitw\u0119 r&oacute;\u017ca\u0144cow\u0105 prowadz\u0105:<br \/>\n\t<\/span><\/strong><\/strong><\/h3>\n<p>24.P.R.\u015aw. Teresy od Dzieci\u0105tka Jezus &#8211; (Dorota Dzierga)<br \/>\n\t25.W.R. \u015aw. Teresy Wielkiej &#8211; (Zofia Wierzbicka)<br \/>\n\t26.\u015a.R.\u015aw. Tomasza Aposto\u0142a &#8211; (Stanis\u0142aw \u015alimak)<br \/>\n\t27.C.R.\u015aw. Zofii &#8211; (Zofia Kurek)<br \/>\n\t28.P.R.KSM <br \/>\n\t29.S.R.BMS<br \/>\n\t30.N.R.Akcja Katolicka.<\/p>\n<p>\t<strong>Wyznaczona R&oacute;\u017ca powinna czu\u0107 si\u0119 zobowi\u0105zana do obecno\u015bci i prowadzenia modlitwy r&oacute;\u017ca\u0144cowej.<\/strong><\/p>\n","protected":false},"excerpt":{"rendered":"<p>XXV Niedziela Zwyk\u0142a &#8211; 23-09-2018 Og\u0142oszenia Dzi\u015b o godz. 15:00 nabo\u017ce\u0144stwo do Mi\u0142osierdzia Bo\u017cego i Msza \u015bw. W poniedzia\u0142ek spotkanie uczni&oacute;w klas VIII przygotowuj\u0105cych si\u0119 do sakramentu bierzmowania. We czwartek &hellip; <a href=\"https:\/\/budy.przemyska.pl\/index.php\/2018\/09\/23\/ogloszenia-parafialne-23-09-2018\/\" class=\"more-link\">Czytaj dalej <span class=\"screen-reader-text\">Og\u0142oszenia parafialne 23-09-2018<\/span> <span class=\"meta-nav\">&rarr;<\/span><\/a><\/p>\n","protected":false},"author":1,"featured_media":0,"comment_status":"closed","ping_status":"closed","sticky":false,"template":"","format":"standard","meta":{"footnotes":""},"categories":[6,4],"tags":[],"class_list":["post-2567","post","type-post","status-publish","format-standard","hentry","category-aktualnosci","category-ogloszenia"],"_links":{"self":[{"href":"https:\/\/budy.przemyska.pl\/index.php\/wp-json\/wp\/v2\/posts\/2567","targetHints":{"allow":["GET"]}}],"collection":[{"href":"https:\/\/budy.przemyska.pl\/index.php\/wp-json\/wp\/v2\/posts"}],"about":[{"href":"https:\/\/budy.przemyska.pl\/index.php\/wp-json\/wp\/v2\/types\/post"}],"author":[{"embeddable":true,"href":"https:\/\/budy.przemyska.pl\/index.php\/wp-json\/wp\/v2\/users\/1"}],"replies":[{"embeddable":true,"href":"https:\/\/budy.przemyska.pl\/index.php\/wp-json\/wp\/v2\/comments?post=2567"}],"version-history":[{"count":0,"href":"https:\/\/budy.przemyska.pl\/index.php\/wp-json\/wp\/v2\/posts\/2567\/revisions"}],"wp:attachment":[{"href":"https:\/\/budy.przemyska.pl\/index.php\/wp-json\/wp\/v2\/media?parent=2567"}],"wp:term":[{"taxonomy":"category","embeddable":true,"href":"https:\/\/budy.przemyska.pl\/index.php\/wp-json\/wp\/v2\/categories?post=2567"},{"taxonomy":"post_tag","embeddable":true,"href":"https:\/\/budy.przemyska.pl\/index.php\/wp-json\/wp\/v2\/tags?post=2567"}],"curies":[{"name":"wp","href":"https:\/\/api.w.org\/{rel}","templated":true}]}}