{"id":2564,"date":"2018-09-16T20:42:58","date_gmt":"2018-09-16T18:42:58","guid":{"rendered":"http:\/\/www.budylancuckie.przemyska.pl\/?p=2564"},"modified":"2018-09-16T20:42:58","modified_gmt":"2018-09-16T18:42:58","slug":"ogloszenia-parafialne-16-09-2018","status":"publish","type":"post","link":"https:\/\/budy.przemyska.pl\/index.php\/2018\/09\/16\/ogloszenia-parafialne-16-09-2018\/","title":{"rendered":"Og\u0142oszenia parafialne 16-09-2018"},"content":{"rendered":"<h2 style=\"text-align: center;\"><strong><span style=\"color: rgb(0, 0, 128);\">XXIV Niedziela Zwyk\u0142a &#8211; 16-09-2018<\/span><\/strong><\/h2>\n<h2 style=\"text-align: center;\"><strong><span style=\"color: rgb(0, 0, 128);\">Og\u0142oszenia<br \/>\n\t<\/span><\/strong><\/h2>\n<ol>\n<li>O godz. 15:00 Nabo\u017ce\u0144stwo do Mi\u0142osierdzia Bo\u017cego i Msza \u015bw.<\/li>\n<li>We wtorek \u015bwi\u0119to \u015bw. Stanis\u0142awa Kostki, patrona Polski i m\u0142odzie\u017cy. Po Mszy \u015bw. spotkanie dla uczni&oacute;w klas VI i VII przygotowuj\u0105ce do sakramentu bierzmowania.<\/li>\n<li>W \u015brod\u0119 po Mszy \u015bw. spotkanie rodzic&oacute;w dzieci z klas III.<\/li>\n<li>W czwartek o godz. 17:00 adoracja Naj\u015bwi\u0119tszego Sakramentu.<\/li>\n<li>W pi\u0105tek \u015bwi\u0119to \u015bw. Mateusza, aposto\u0142a i ewangelisty. <\/li>\n<li>29 wrze\u015bnia (w sobot\u0119), pielgrzymka R&oacute;\u017c R&oacute;\u017ca\u0144cowych do Sanktuarium w Kalwarii Pac\u0142awskiej. Dla pragn\u0105cych wzi\u0105\u0107 udzia\u0142 w pielgrzymce &ndash; zapisy w zakrystii.<\/li>\n<li>B&oacute;g zap\u0142a\u0107 osobom sprz\u0105taj\u0105cym i stroj\u0105cym ko\u015bci&oacute;\u0142 w tym tygodniu oraz za ofiary na inwestycje w parafii, a tak\u017ce na s\u0142u\u017cb\u0119 ko\u015bcieln\u0105.<\/li>\n<li>Zapowiedzi: Daniel Ma\u017a, s. Stanis\u0142awa i Bo\u017ceny, zam. Lubacz&oacute;w i Joanna Mi\u015b, c. Eugeniusza i Danuty, zam. Budy \u0141a\u0144cuckie. Zapowiedz I. <\/li>\n<\/ol>\n<h3 style=\"text-align: center;\"><strong><span style=\"color: rgb(0, 0, 128);\">Intencje mszalne<\/span><\/strong><\/h3>\n<h4 style=\"text-align: center;\"><strong><span style=\"color: rgb(0, 0, 128);\">od 17 wrze\u015bnia 2018 do 23 wrze\u015bnia 2018<\/span><\/strong><\/h4>\n<h4><strong><br \/>\n\tGdyby zbyt d\u0142ugi czas nie by\u0142a og\u0142oszona zam&oacute;wiona intencja mszalna &ndash; prosimy o zg\u0142oszenie tego kap\u0142anowi.&nbsp; Czasem zdarza si\u0119 nam co\u015b przegapi\u0107 &ndash; za co przepraszamy.&nbsp; Zam&oacute;wiona intencja nie mo\u017ce zgin\u0105\u0107.<br \/>\n\t<\/strong><\/h4>\n<p><u><strong>Poniedzia\u0142ek &#8211; 17.9.<\/strong><\/u><br \/>\n\t1. + Cecylia Mazur ( greg.)<br \/>\n\t2. ++ Wincenty, Weronika, Stanis\u0142aw Bieleccy<br \/>\n\t3. + Eugeniusz Pelc(683) <\/p>\n<p><u><strong>Wtorek &#8211; 18.9.<\/strong><\/u><br \/>\n\t1. + Cecylia Mazur ( greg.) <br \/>\n\t2. + Jan Blok (715)<br \/>\n\t3. + Jan Janusz od r. Emilii Benedyk (665)<\/p>\n<p><u><strong>\u015aroda &#8211; 19.9.<\/strong><\/u><br \/>\n\t1. + Cecylia Mazur ( greg.) <br \/>\n\t2. + Jerzy Nawrot (728)<br \/>\n\t3. + Stanis\u0142aw Socha od \u017cony (672)<\/p>\n<p><u><strong>Czwartek &#8211; 20.9<\/strong><\/u><br \/>\n\t1. + Cecylia Mazur ( greg.) <br \/>\n\t2. + Cecylia Miara od s\u0105siad&oacute;w z Korniaktowa <br \/>\n\t3. + Jan Aab od r. Ciupi\u0144ski &#8211; Pi\u0105tek (680)<\/p>\n<p>\t<u><strong>Pi\u0105tek &#8211; 21.9<\/strong><\/u><br \/>\n\t1. + Cecylia Mazur ( greg.) <br \/>\n\t2. + Jan Bartnik (735)<br \/>\n\t3. + Ryszard Markowicz od wnuka Krystiana. (597)<\/p>\n<p><u><strong>Sobota &#8211; 22.9.<\/strong><\/u><br \/>\n\t1. + Cecylia Mazur ( greg.) <br \/>\n\t2. + Maria Por\u0119ba od wnuczki Justyny z rodz.<br \/>\n\t3. ++ Helena i Jan (663) <\/p>\n<p><u><strong>Niedziela &#8211; 23.9.<\/strong><\/u><br \/>\n\t6:30 + Franciszek Kojder(678) <br \/>\n\t8:00 + Cecylia Mazur ( greg.)<br \/>\n\t10:30 W intencji parafian <br \/>\n\t15:00 ++ Domicela, Franciszek, Tadeusz Marek (666) <br \/>\n\t&nbsp;<\/p>\n<h3 style=\"text-align: center;\"><strong><strong><span style=\"color: rgb(0, 0, 128);\">Modlitw\u0119 r&oacute;\u017ca\u0144cow\u0105 prowadz\u0105:<br \/>\n\t<\/span><\/strong><\/strong><\/h3>\n<p>17.P.R. \u015aw. Marii Goretti &#8211; (El\u017cbieta Kukulska)<br \/>\n\t18.W.R. \u015aw. Marty &#8211; (Cz. Por\u0119bna)<br \/>\n\t19.\u015a.R. Matki Bo\u017cej Bolesnej &#8211; (G. Bartnik)<br \/>\n\t20.C.R. Matki Bo\u017cej R&oacute;\u017ca\u0144cowej &#8211; (Zofia \u015awizdor)<br \/>\n\t21.P.R. KSM <br \/>\n\t22.S.R. Matki Bo\u017cej Szkaplerznej- (M. K\u0142os)<br \/>\n\t23.N.R. \u015aw. Stanis\u0142awa biskupa &#8211; (Franciszek Bartnik)<\/p>\n<p>\t<strong>Wyznaczona R&oacute;\u017ca powinna czu\u0107 si\u0119 zobowi\u0105zana do obecno\u015bci i prowadzenia modlitwy r&oacute;\u017ca\u0144cowej.<\/strong><\/p>\n","protected":false},"excerpt":{"rendered":"<p>XXIV Niedziela Zwyk\u0142a &#8211; 16-09-2018 Og\u0142oszenia O godz. 15:00 Nabo\u017ce\u0144stwo do Mi\u0142osierdzia Bo\u017cego i Msza \u015bw. We wtorek \u015bwi\u0119to \u015bw. Stanis\u0142awa Kostki, patrona Polski i m\u0142odzie\u017cy. Po Mszy \u015bw. spotkanie &hellip; <a href=\"https:\/\/budy.przemyska.pl\/index.php\/2018\/09\/16\/ogloszenia-parafialne-16-09-2018\/\" class=\"more-link\">Czytaj dalej <span class=\"screen-reader-text\">Og\u0142oszenia parafialne 16-09-2018<\/span> <span class=\"meta-nav\">&rarr;<\/span><\/a><\/p>\n","protected":false},"author":1,"featured_media":0,"comment_status":"closed","ping_status":"closed","sticky":false,"template":"","format":"standard","meta":{"footnotes":""},"categories":[6,4],"tags":[],"class_list":["post-2564","post","type-post","status-publish","format-standard","hentry","category-aktualnosci","category-ogloszenia"],"_links":{"self":[{"href":"https:\/\/budy.przemyska.pl\/index.php\/wp-json\/wp\/v2\/posts\/2564","targetHints":{"allow":["GET"]}}],"collection":[{"href":"https:\/\/budy.przemyska.pl\/index.php\/wp-json\/wp\/v2\/posts"}],"about":[{"href":"https:\/\/budy.przemyska.pl\/index.php\/wp-json\/wp\/v2\/types\/post"}],"author":[{"embeddable":true,"href":"https:\/\/budy.przemyska.pl\/index.php\/wp-json\/wp\/v2\/users\/1"}],"replies":[{"embeddable":true,"href":"https:\/\/budy.przemyska.pl\/index.php\/wp-json\/wp\/v2\/comments?post=2564"}],"version-history":[{"count":0,"href":"https:\/\/budy.przemyska.pl\/index.php\/wp-json\/wp\/v2\/posts\/2564\/revisions"}],"wp:attachment":[{"href":"https:\/\/budy.przemyska.pl\/index.php\/wp-json\/wp\/v2\/media?parent=2564"}],"wp:term":[{"taxonomy":"category","embeddable":true,"href":"https:\/\/budy.przemyska.pl\/index.php\/wp-json\/wp\/v2\/categories?post=2564"},{"taxonomy":"post_tag","embeddable":true,"href":"https:\/\/budy.przemyska.pl\/index.php\/wp-json\/wp\/v2\/tags?post=2564"}],"curies":[{"name":"wp","href":"https:\/\/api.w.org\/{rel}","templated":true}]}}