{"id":2511,"date":"2018-05-27T10:40:48","date_gmt":"2018-05-27T08:40:48","guid":{"rendered":"http:\/\/www.budylancuckie.przemyska.pl\/?p=2511"},"modified":"2018-05-27T10:40:48","modified_gmt":"2018-05-27T08:40:48","slug":"38-przemyska-archidiecezjalna-piesza-pielgrzymka-na-jasna-gore","status":"publish","type":"post","link":"https:\/\/budy.przemyska.pl\/index.php\/2018\/05\/27\/38-przemyska-archidiecezjalna-piesza-pielgrzymka-na-jasna-gore\/","title":{"rendered":"38 Przemyska Archidiecezjalna Piesza Pielgrzymka na Jasn\u0105 G\u00f3r\u0119"},"content":{"rendered":"<div class=\"fb-post\" data-href=\"https:\/\/www.facebook.com\/parafiabudy\/posts\/1188527461283934\" data-show-text=\"true\" data-width=\"600\">\n<blockquote cite=\"https:\/\/www.facebook.com\/parafiabudy\/posts\/1188527461283934\" class=\"fb-xfbml-parse-ignore\">\n<p>Oficjalne og\u0142oszenie 38. Przemyskiej Archidiecezjalnej Pieszej Pielgrzymki na Jasn\u0105 G&oacute;r\u0119. Zainteresowani mog\u0105 si\u0119 ju\u017c zapozna\u0107 \ud83d\ude42 Zapraszamy \ud83d\ude42<\/p>\n<p>\t\tOpublikowany przez <a href=\"https:\/\/www.facebook.com\/parafiabudy\/\">Parafia pw. Niepokalanego Serca NMP w Budach \u0141a\u0144cuckich<\/a>&nbsp;<a href=\"https:\/\/www.facebook.com\/parafiabudy\/posts\/1188527461283934\">27 maja 2018<\/a><\/p><\/blockquote>\n<\/div>\n","protected":false},"excerpt":{"rendered":"<p>Oficjalne og\u0142oszenie 38. Przemyskiej Archidiecezjalnej Pieszej Pielgrzymki na Jasn\u0105 G&oacute;r\u0119. Zainteresowani mog\u0105 si\u0119 ju\u017c zapozna\u0107 \ud83d\ude42 Zapraszamy \ud83d\ude42 Opublikowany przez Parafia pw. Niepokalanego Serca NMP w Budach \u0141a\u0144cuckich&nbsp;27 maja 2018<\/p>\n","protected":false},"author":1,"featured_media":0,"comment_status":"closed","ping_status":"closed","sticky":false,"template":"","format":"standard","meta":{"footnotes":""},"categories":[6],"tags":[],"class_list":["post-2511","post","type-post","status-publish","format-standard","hentry","category-aktualnosci"],"_links":{"self":[{"href":"https:\/\/budy.przemyska.pl\/index.php\/wp-json\/wp\/v2\/posts\/2511","targetHints":{"allow":["GET"]}}],"collection":[{"href":"https:\/\/budy.przemyska.pl\/index.php\/wp-json\/wp\/v2\/posts"}],"about":[{"href":"https:\/\/budy.przemyska.pl\/index.php\/wp-json\/wp\/v2\/types\/post"}],"author":[{"embeddable":true,"href":"https:\/\/budy.przemyska.pl\/index.php\/wp-json\/wp\/v2\/users\/1"}],"replies":[{"embeddable":true,"href":"https:\/\/budy.przemyska.pl\/index.php\/wp-json\/wp\/v2\/comments?post=2511"}],"version-history":[{"count":0,"href":"https:\/\/budy.przemyska.pl\/index.php\/wp-json\/wp\/v2\/posts\/2511\/revisions"}],"wp:attachment":[{"href":"https:\/\/budy.przemyska.pl\/index.php\/wp-json\/wp\/v2\/media?parent=2511"}],"wp:term":[{"taxonomy":"category","embeddable":true,"href":"https:\/\/budy.przemyska.pl\/index.php\/wp-json\/wp\/v2\/categories?post=2511"},{"taxonomy":"post_tag","embeddable":true,"href":"https:\/\/budy.przemyska.pl\/index.php\/wp-json\/wp\/v2\/tags?post=2511"}],"curies":[{"name":"wp","href":"https:\/\/api.w.org\/{rel}","templated":true}]}}