{"id":2493,"date":"2018-05-19T20:51:57","date_gmt":"2018-05-19T18:51:57","guid":{"rendered":"http:\/\/www.budylancuckie.przemyska.pl\/?p=2493"},"modified":"2018-05-19T20:51:57","modified_gmt":"2018-05-19T18:51:57","slug":"ogloszenia-parafialne-20-05-2018","status":"publish","type":"post","link":"https:\/\/budy.przemyska.pl\/index.php\/2018\/05\/19\/ogloszenia-parafialne-20-05-2018\/","title":{"rendered":"Og\u0142oszenia parafialne 20-05-2018"},"content":{"rendered":"<h2 style=\"text-align: center;\"><strong><span style=\"color: rgb(0, 0, 128);\">Uroczysto\u015b\u0107 Zes\u0142ania Ducha \u015awi\u0119tego &#8211; 20-05-2018<\/span><\/strong><\/h2>\n<h2 style=\"text-align: center;\"><strong><span style=\"color: rgb(0, 0, 128);\">Og\u0142oszenia<br \/>\n\t<\/span><\/strong><\/h2>\n<ol>\n<li>Dzisiaj mo\u017cemy uzyska\u0107 odpust zupe\u0142ny za pobo\u017cne, publiczne odm&oacute;wienie hymnu: &quot;O Stworzycielu Duchu, przyjd\u017a&quot;. O godz. 15:00 nabo\u017ce\u0144stwo majowe i Msza \u015bw.<\/li>\n<li>Jutro, \u015bwi\u0119to NMP Matki Ko\u015bcio\u0142a. Msze \u015bw. o godz. 6:30, 8:00 i wieczorem o 18:00.<\/li>\n<li>We czwartek \u015bwi\u0119to Jezusa Chrystusa Najwy\u017cszego i Wiecznego Kap\u0142ana, m&oacute;dlmy si\u0119 w tym dniu za kap\u0142an&oacute;w i o nowe powo\u0142ania do \u017cycia kap\u0142a\u0144skiego. O godz. 17:00 adoracja Naj\u015bwi\u0119tszego Sakramentu. O godz. 17:30 r&oacute;\u017caniec, nast\u0119pnie od\u015bpiewamy Litani\u0119 Loreta\u0144sk\u0105 i Msza \u015bw.<\/li>\n<li>W Najbli\u017csz\u0105 niedziel\u0119 b\u0119dziemy prze\u017cywa\u0107 Uroczysto\u015b\u0107 Tr&oacute;jcy Przenaj\u015bwi\u0119tszej. W tym dniu ko\u0144czy si\u0119 okres Komunii \u015bw. wielkanocnej.<\/li>\n<li>B&oacute;g zap\u0142a\u0107 osobom spostrzegaj\u0105cym i stroj\u0105cym ko\u015bci&oacute;\u0142 w tym tygodniu.<\/li>\n<li>Zapowiedzi: Dawid J&oacute;zef Krajewski, s. Stanis\u0142awa i Bo\u017ceny, zam. Grodzisko Dolne 386 i Karolina Anna Tr\u0105d, c. Lucjana i Renaty, zam. Budy \u0141a\u0144. 96. Zapowiedz. I<\/li>\n<li>Zgodnie z zapowiedzi\u0105 podajemy numer parafialnego konta inwestycyjnego:.[singlepic id=1837 w=520 h=340 float=left]<\/li>\n<\/ol>\n<h3 style=\"text-align: center;\"><strong><span style=\"color: rgb(0, 0, 128);\">Intencje mszalne<\/span><\/strong><\/h3>\n<h4 style=\"text-align: center;\"><strong><span style=\"color: rgb(0, 0, 128);\">od 21 maja 2018 do 27 maja 2018<\/span><\/strong><\/h4>\n<h4><strong><br \/>\n\tGdyby zbyt d\u0142ugi czas nie by\u0142a og\u0142oszona zam&oacute;wiona intencja mszalna &ndash; prosimy o zg\u0142oszenie tego kap\u0142anowi.&nbsp; Czasem zdarza si\u0119 nam co\u015b przegapi\u0107 &ndash; za co przepraszamy.&nbsp; Zam&oacute;wiona intencja nie mo\u017ce zgin\u0105\u0107.<br \/>\n\t<\/strong><\/h4>\n<p><u><strong>Poniedzia\u0142ek &#8211; 21.5.<\/strong><\/u><br \/>\n\t6:30 ++ Zofia, Jan Gog&oacute;j, Franciszek Pelc, Aleksander Kojder(401)<br \/>\n\t8:00 ++ Bogus\u0142aw, Stanis\u0142aw Por\u0119bny (361) <br \/>\n\t18:00 + Stefan Kojder ( greg.)<\/p>\n<p><u><strong>Wtorek &#8211; 22.5.<\/strong><\/u><br \/>\n\t1. + Stefan Kojder ( greg.)<br \/>\n\t2. + Helena Machniak od r. Wo\u015b-Cebulak (166)<br \/>\n\t3. + Zbigniew Szular od Akcji Katolic.(377)<\/p>\n<p><u><strong>\u015aroda &#8211; 23.5.<\/strong><\/u><br \/>\n\t1. + Stefan Kojder ( greg.) <br \/>\n\t2. ++ Maria, Wojciech Bartnik od c. Teresy(362)<br \/>\n\t3. ++ Stanis\u0142aw, Janina, Jan \u015awizdor (403)<\/p>\n<p><u><strong>Czwartek &#8211; 24.5<\/strong><\/u><br \/>\n\t1. + Stefan Kojder ( greg.) <br \/>\n\t2. + Wies\u0142\u0105w Ku\u0142acz (409)<br \/>\n\t3. + Stanis\u0142aw K\u0142os od r. K\u0142os&oacute;w (200) <\/p>\n<p>\t<u><strong>Pi\u0105tek &#8211; 25.5<\/strong><\/u><br \/>\n\t1. + Stefan Kojder ( greg.) <br \/>\n\t2. O b\u0142og. B. dla Julii w 18 rocz. ur. (368)<br \/>\n\t3. ++&nbsp; Maria i J&oacute;zef Nykiel(356)<\/p>\n<p><u><strong>Sobota &#8211; 26.5.<\/strong><\/u><br \/>\n\t1. + Stefan Kojder ( greg.) <br \/>\n\t2. ++ Jakub Rupar, Ignacy i Cecylia Stafiej (384)<br \/>\n\t3. W int. dzieci I Kom od sacr. (398)<\/p>\n<p><u><strong>Niedziela &#8211; 27.5.<\/strong><\/u><br \/>\n\t6:00 ++ Stefania, Franciszek, Tadeusz, Maria i J&oacute;zef Bieleccy (414)<br \/>\n\t8:00 + Stefan Kojder ( greg.) <br \/>\n\t10:30 W intencji parafian () <br \/>\n\t15:00 ++ Stefania i W\u0142adys\u0142aw W\u0119grzyn(326)<br \/>\n\t&nbsp;<\/p>\n<h3 style=\"text-align: center;\"><strong><strong><span style=\"color: rgb(0, 0, 128);\">Modlitw\u0119 r&oacute;\u017ca\u0144cow\u0105 prowadz\u0105:<br \/>\n\t<\/span><\/strong><\/strong><\/h3>\n<p>21.P.R. B\u0142. Anieli Salawy-(Zofia Kojder)<br \/>\n\t22.W.R. \u015aw. Anny &#8211;(Zofia Cebulak)<br \/>\n\t23.\u015a.R. \u015aw. Cecylii&#8211; (Helena Bartnik)<br \/>\n\t24.C.R. \u015aw. El\u017cbiety- (Alina Trojnar)<br \/>\n\t25.P.R. KSM<br \/>\n\t26.S.R. BMS<br \/>\n\t27.N.R. \u015aw. Faustyny-(Eugenia \u015awizdor)<\/p>\n<p>\t<strong>Wyznaczona R&oacute;\u017ca powinna czu\u0107 si\u0119 zobowi\u0105zana do obecno\u015bci i prowadzenia modlitwy r&oacute;\u017ca\u0144cowej.<\/strong><\/p>\n","protected":false},"excerpt":{"rendered":"<p>Uroczysto\u015b\u0107 Zes\u0142ania Ducha \u015awi\u0119tego &#8211; 20-05-2018 Og\u0142oszenia Dzisiaj mo\u017cemy uzyska\u0107 odpust zupe\u0142ny za pobo\u017cne, publiczne odm&oacute;wienie hymnu: &quot;O Stworzycielu Duchu, przyjd\u017a&quot;. O godz. 15:00 nabo\u017ce\u0144stwo majowe i Msza \u015bw. Jutro, &hellip; <a href=\"https:\/\/budy.przemyska.pl\/index.php\/2018\/05\/19\/ogloszenia-parafialne-20-05-2018\/\" class=\"more-link\">Czytaj dalej <span class=\"screen-reader-text\">Og\u0142oszenia parafialne 20-05-2018<\/span> <span class=\"meta-nav\">&rarr;<\/span><\/a><\/p>\n","protected":false},"author":1,"featured_media":0,"comment_status":"closed","ping_status":"closed","sticky":false,"template":"","format":"standard","meta":{"footnotes":""},"categories":[6,4],"tags":[],"class_list":["post-2493","post","type-post","status-publish","format-standard","hentry","category-aktualnosci","category-ogloszenia"],"_links":{"self":[{"href":"https:\/\/budy.przemyska.pl\/index.php\/wp-json\/wp\/v2\/posts\/2493","targetHints":{"allow":["GET"]}}],"collection":[{"href":"https:\/\/budy.przemyska.pl\/index.php\/wp-json\/wp\/v2\/posts"}],"about":[{"href":"https:\/\/budy.przemyska.pl\/index.php\/wp-json\/wp\/v2\/types\/post"}],"author":[{"embeddable":true,"href":"https:\/\/budy.przemyska.pl\/index.php\/wp-json\/wp\/v2\/users\/1"}],"replies":[{"embeddable":true,"href":"https:\/\/budy.przemyska.pl\/index.php\/wp-json\/wp\/v2\/comments?post=2493"}],"version-history":[{"count":0,"href":"https:\/\/budy.przemyska.pl\/index.php\/wp-json\/wp\/v2\/posts\/2493\/revisions"}],"wp:attachment":[{"href":"https:\/\/budy.przemyska.pl\/index.php\/wp-json\/wp\/v2\/media?parent=2493"}],"wp:term":[{"taxonomy":"category","embeddable":true,"href":"https:\/\/budy.przemyska.pl\/index.php\/wp-json\/wp\/v2\/categories?post=2493"},{"taxonomy":"post_tag","embeddable":true,"href":"https:\/\/budy.przemyska.pl\/index.php\/wp-json\/wp\/v2\/tags?post=2493"}],"curies":[{"name":"wp","href":"https:\/\/api.w.org\/{rel}","templated":true}]}}