{"id":2475,"date":"2018-04-14T21:45:27","date_gmt":"2018-04-14T19:45:27","guid":{"rendered":"http:\/\/www.budylancuckie.przemyska.pl\/?p=2475"},"modified":"2018-04-14T21:45:27","modified_gmt":"2018-04-14T19:45:27","slug":"ogloszenia-parafialne-15-04-2018","status":"publish","type":"post","link":"https:\/\/budy.przemyska.pl\/index.php\/2018\/04\/14\/ogloszenia-parafialne-15-04-2018\/","title":{"rendered":"Og\u0142oszenia parafialne 15-04-2018"},"content":{"rendered":"<h2 style=\"text-align: center;\"><strong><span style=\"color: rgb(0, 0, 128);\">III Niedziela Wielkanocy &#8211; 15-04-2018<\/span><\/strong><\/h2>\n<h2 style=\"text-align: center;\"><strong><span style=\"color: rgb(0, 0, 128);\">Og\u0142oszenia<br \/>\n\t<\/span><\/strong><\/h2>\n<ol>\n<li>O&nbsp; godz. 15:00 nabo\u017ce\u0144stwo do Mi\u0142osierdzia Bo\u017cego i Msza \u015bw. W dniu dzisiejszym rozpoczyna si\u0119 Tydzie\u0144 Biblijny. Zach\u0119camy do lektury Pisma \u015awi\u0119tego.<\/li>\n<li>Za tydzie\u0144 wypada Niedziela Dobrego Pasterza, rozpoczniemy Tydzie\u0144 Modlitw o Powo\u0142ania do S\u0142u\u017cby w Ko\u015bciele. <\/li>\n<li>W \u015brod\u0119 o godz. 16:00 spotkanie z dzie\u0107mi z klas III.<\/li>\n<li>W czwartek o godz. 17:00 adoracja Naj\u015bwi\u0119tszego Sakramentu. Po Mszy \u015bw. spotkanie m\u0142odzie\u017cy kt&oacute;ra w tym roku przyj\u0119\u0142a Sakrament Bierzmowania. Prosimy aby przynie\u015bli indeksy aby uzupe\u0142ni\u0107 i podbi\u0107 piecz\u0119ci\u0105 parafialn\u0105. <\/li>\n<li>B&oacute;g zap\u0142a\u0107 sprz\u0105taj\u0105cym i stroj\u0105cym ko\u015bci&oacute;\u0142 w tym tygodniu..<\/li>\n<\/ol>\n<h3 style=\"text-align: center;\"><strong><span style=\"color: rgb(0, 0, 128);\">Intencje mszalne<\/span><\/strong><\/h3>\n<h4 style=\"text-align: center;\"><strong><span style=\"color: rgb(0, 0, 128);\">od 16 kwietnia 2018 do 22 kwietnia 2018<\/span><\/strong><\/h4>\n<h4><strong><br \/>\n\tGdyby zbyt d\u0142ugi czas nie by\u0142a og\u0142oszona zam&oacute;wiona intencja mszalna &ndash; prosimy o zg\u0142oszenie tego kap\u0142anowi.&nbsp; Czasem zdarza si\u0119 nam co\u015b przegapi\u0107 &ndash; za co przepraszamy.&nbsp; Zam&oacute;wiona intencja nie mo\u017ce zgin\u0105\u0107.<br \/>\n\t<\/strong><\/h4>\n<p><u><strong>Poniedzia\u0142ek &#8211; 16.4.<\/strong><\/u><br \/>\n\t1. + J&oacute;zef Ni\u017anik.( greg.) <br \/>\n\t2. + Jan Leja(249)<br \/>\n\t3. + Helena Machniak od wnuka Karola(173)<\/p>\n<p><u><strong>Wtorek &#8211; 17.4.<\/strong><\/u><br \/>\n\t1. + J&oacute;zef Ni\u017anik.( greg.) <br \/>\n\t2. ++ Stanis\u0142aw, Maria, Julia, W ladys\u0142aw Wikiera (239)<br \/>\n\t3. + Jan Kurek od r. Kwolk&oacute;w (217)<\/p>\n<p><u><strong>\u015aroda &#8211; 18.4.<\/strong><\/u><br \/>\n\t1. + J&oacute;zef Ni\u017anik.( greg.) <br \/>\n\t2. ++ Aniela, W\u0142adys\u0142aw Benedyk, Tadeusz, Katarzyna<br \/>\n\t3. + Stanis\u0142aw Paluch od swata Antoniego (202)<\/p>\n<p><u><strong>Czwartek &#8211; 19.4<\/strong><\/u><br \/>\n\t1. + J&oacute;zef Ni\u017anik.( greg.)<br \/>\n\t2. ++ Stefania, Zofia, W\u0142adys\u0142aw Wasilewscy (195) <br \/>\n\t3. + Anna Gamracy (286)<\/p>\n<p>\t<u><strong>Pi\u0105tek &#8211; 20.4<\/strong><\/u><br \/>\n\t1. + J&oacute;zef Ni\u017anik.( greg.) <br \/>\n\t2. ++ Bronis\u0142aw Marek i zm. z rodziny (245)<br \/>\n\t3. ++ Jan Cecylia, Wies\u0142w Kojder (251)<\/p>\n<p><u><strong>Sobota &#8211; 21.4.<\/strong><\/u><br \/>\n\t1. + J&oacute;zef Ni\u017anik.( greg.) <br \/>\n\t2. ++ Karolina i Franciszek Lasek (260)<br \/>\n\t3. ++ Stanis\u0142awa i Antoni Petluch od Zofii i Bo\u017ceny z r. (549)<\/p>\n<p><u><strong>Niedziela &#8211; 22.4.<\/strong><\/u><br \/>\n\t6:00 ++ Stanis\u0142aw, J&oacute;zefa, Krystyna Hypnar (256) <br \/>\n\t8:00 + J&oacute;zef Ni\u017anik ( greg.)<br \/>\n\t10:30 W intencji parafian () <br \/>\n\t15:00 Dzi\u0119kcz. i o b\u0142og. B. w 50-lecie \u015blubu (134)<br \/>\n\t&nbsp;<\/p>\n<h3 style=\"text-align: center;\"><strong><strong><span style=\"color: rgb(0, 0, 128);\">Modlitw\u0119 r&oacute;\u017ca\u0144cow\u0105 prowadz\u0105:<br \/>\n\t<\/span><\/strong><\/strong><\/h3>\n<p>16.P.R. \u015aw. Cecylii &#8211; (Helena Bartnik)<br \/>\n\t17.W.R. \u015aw. El\u017cbiety- (Alina Trojnar)<br \/>\n\t18.\u015a.R. \u015aw. Faustyny-(Eugenia \u015awizdor)<br \/>\n\t19.C.R. \u015aw. Franciszka z Asy\u017cu &#8211; (Jan Nowak)<br \/>\n\t20.P.R. KSM<br \/>\n\t21.S.R. \u015aw. Genowefy &#8211; (Genowefa Dr\u0105\u017cek)<br \/>\n\t22.N.R. \u015aw. Heleny &#8211; (Helena Dyrda)<\/p>\n<p>\t<strong>Wyznaczona R&oacute;\u017ca powinna czu\u0107 si\u0119 zobowi\u0105zana do obecno\u015bci i prowadzenia modlitwy r&oacute;\u017ca\u0144cowej.<\/strong><\/p>\n","protected":false},"excerpt":{"rendered":"<p>III Niedziela Wielkanocy &#8211; 15-04-2018 Og\u0142oszenia O&nbsp; godz. 15:00 nabo\u017ce\u0144stwo do Mi\u0142osierdzia Bo\u017cego i Msza \u015bw. W dniu dzisiejszym rozpoczyna si\u0119 Tydzie\u0144 Biblijny. Zach\u0119camy do lektury Pisma \u015awi\u0119tego. Za tydzie\u0144 &hellip; <a href=\"https:\/\/budy.przemyska.pl\/index.php\/2018\/04\/14\/ogloszenia-parafialne-15-04-2018\/\" class=\"more-link\">Czytaj dalej <span class=\"screen-reader-text\">Og\u0142oszenia parafialne 15-04-2018<\/span> <span class=\"meta-nav\">&rarr;<\/span><\/a><\/p>\n","protected":false},"author":1,"featured_media":0,"comment_status":"closed","ping_status":"closed","sticky":false,"template":"","format":"standard","meta":{"footnotes":""},"categories":[6,4],"tags":[],"class_list":["post-2475","post","type-post","status-publish","format-standard","hentry","category-aktualnosci","category-ogloszenia"],"_links":{"self":[{"href":"https:\/\/budy.przemyska.pl\/index.php\/wp-json\/wp\/v2\/posts\/2475","targetHints":{"allow":["GET"]}}],"collection":[{"href":"https:\/\/budy.przemyska.pl\/index.php\/wp-json\/wp\/v2\/posts"}],"about":[{"href":"https:\/\/budy.przemyska.pl\/index.php\/wp-json\/wp\/v2\/types\/post"}],"author":[{"embeddable":true,"href":"https:\/\/budy.przemyska.pl\/index.php\/wp-json\/wp\/v2\/users\/1"}],"replies":[{"embeddable":true,"href":"https:\/\/budy.przemyska.pl\/index.php\/wp-json\/wp\/v2\/comments?post=2475"}],"version-history":[{"count":0,"href":"https:\/\/budy.przemyska.pl\/index.php\/wp-json\/wp\/v2\/posts\/2475\/revisions"}],"wp:attachment":[{"href":"https:\/\/budy.przemyska.pl\/index.php\/wp-json\/wp\/v2\/media?parent=2475"}],"wp:term":[{"taxonomy":"category","embeddable":true,"href":"https:\/\/budy.przemyska.pl\/index.php\/wp-json\/wp\/v2\/categories?post=2475"},{"taxonomy":"post_tag","embeddable":true,"href":"https:\/\/budy.przemyska.pl\/index.php\/wp-json\/wp\/v2\/tags?post=2475"}],"curies":[{"name":"wp","href":"https:\/\/api.w.org\/{rel}","templated":true}]}}